{"id":9924,"date":"2020-12-09T08:36:07","date_gmt":"2020-12-09T08:36:07","guid":{"rendered":"https:\/\/www.min-on.org\/fr\/?p=9924"},"modified":"2020-12-09T08:36:31","modified_gmt":"2020-12-09T08:36:31","slug":"la-musique-represente-lespoir-concert-de-la-chorale-feminine-norvegienne-leurs-voix-magnifiques-ont-touche-le-coeur-dune-jeune-japonaise","status":"publish","type":"post","link":"https:\/\/www.min-on.org\/fr\/9924\/la-musique-represente-lespoir-concert-de-la-chorale-feminine-norvegienne-leurs-voix-magnifiques-ont-touche-le-coeur-dune-jeune-japonaise\/","title":{"rendered":"La Musique repr\u00e9sente l\u2019Espoir \u2013 Concert de la Chorale f\u00e9minine norv\u00e9gienne : leurs voix magnifiques ont touch\u00e9 le c\u0153ur d\u2019une jeune Japonaise"},"content":{"rendered":"<p><img loading=\"lazy\" decoding=\"async\" class=\"alignnone size-full wp-image-9925\" src=\"https:\/\/www.min-on.org\/fr\/wp-content\/uploads\/sites\/7\/2020\/12\/News1-1.jpg\" alt=\"\" width=\"1440\" height=\"960\" srcset=\"https:\/\/www.min-on.org\/fr\/wp-content\/uploads\/sites\/7\/2020\/12\/News1-1.jpg 1440w, https:\/\/www.min-on.org\/fr\/wp-content\/uploads\/sites\/7\/2020\/12\/News1-1-300x200.jpg 300w, https:\/\/www.min-on.org\/fr\/wp-content\/uploads\/sites\/7\/2020\/12\/News1-1-768x512.jpg 768w, https:\/\/www.min-on.org\/fr\/wp-content\/uploads\/sites\/7\/2020\/12\/News1-1-1024x683.jpg 1024w, https:\/\/www.min-on.org\/fr\/wp-content\/uploads\/sites\/7\/2020\/12\/News1-1-1080x720.jpg 1080w\" sizes=\"(max-width: 1440px) 100vw, 1440px\" \/><\/p>\n<p>La musique touche le c\u0153ur des gens. Elle permet \u00e0 celles et ceux qui l\u2019\u00e9coutent de percevoir ce qui \u00e9tait auparavant invisible, parfois m\u00eame en ouvrant des portes sinon ferm\u00e9es \u00e0 double tour. Depuis les quatre coins du monde, son public fait entendre \u00e0 Min-On<!--more--> des voix exprimant non seulement leur joie de pouvoir s\u2019impr\u00e9gner de l\u2019art musical de toute la plan\u00e8te, mais aussi des voix de reconnaissance, faisant part de la profonde \u00e9motion suscit\u00e9e par les d\u00e9couvertes inattendues rendues possibles par la musique dans leur vie.<\/p>\n<p>Ce fut le cas de la tourn\u00e9e effectu\u00e9e dans onze villes du Japon par les 29 membres de la Chorale f\u00e9minine norv\u00e9gienne, The Norwegian Girls Choir, en juillet 2014.<\/p>\n<p><img loading=\"lazy\" decoding=\"async\" class=\"alignnone size-full wp-image-9926\" src=\"https:\/\/www.min-on.org\/fr\/wp-content\/uploads\/sites\/7\/2020\/12\/News1-2.jpg\" alt=\"\" width=\"1440\" height=\"960\" srcset=\"https:\/\/www.min-on.org\/fr\/wp-content\/uploads\/sites\/7\/2020\/12\/News1-2.jpg 1440w, https:\/\/www.min-on.org\/fr\/wp-content\/uploads\/sites\/7\/2020\/12\/News1-2-300x200.jpg 300w, https:\/\/www.min-on.org\/fr\/wp-content\/uploads\/sites\/7\/2020\/12\/News1-2-768x512.jpg 768w, https:\/\/www.min-on.org\/fr\/wp-content\/uploads\/sites\/7\/2020\/12\/News1-2-1024x683.jpg 1024w, https:\/\/www.min-on.org\/fr\/wp-content\/uploads\/sites\/7\/2020\/12\/News1-2-1080x720.jpg 1080w\" sizes=\"(max-width: 1440px) 100vw, 1440px\" \/><\/p>\n<p>L\u2019une des membres de l\u2019encadrement d\u2019un concert organis\u00e9 \u00e0 Nagoya \u00e9tait originaire d\u2019Ishinomaki, ville frapp\u00e9e de plein fouet par le s\u00e9isme et le grand tsunami survenus dans la r\u00e9gion de Tohoku. En 2011, un mois avant le sinistre, elle avait d\u00e9j\u00e0 perdu toute sa famille. Puis, sa grand\u2019m\u00e8re avait \u00e9t\u00e9 emport\u00e9e par le tsunami.<\/p>\n<p>Plong\u00e9e dans un abime de d\u00e9sespoir apr\u00e8s avoir perdu l\u2019un apr\u00e8s l\u2019autre les membres de sa pr\u00e9cieuse famille, elle \u00e9tait m\u00eame incapable d\u2019envisager d\u2019\u00e9couter la chanson caritative qui avait \u00e9t\u00e9 cr\u00e9\u00e9e en 2012, \u00ab Flowers Will Bloom \u00bb [Les fleurs s\u2019\u00e9panouiront] qui \u00e9voquait cet \u00e9pisode par trop douloureux. Bient\u00f4t, elle s\u2019\u00e9tait rendu compte qu\u2019il lui \u00e9tait d\u00e9sormais impossible ne serait-ce que d\u2019\u00e9voquer la disparition de ses proches.<\/p>\n<p>Lors du concert de la Chorale norv\u00e9gienne, les voix cristallines des jeunes filles qui avaient r\u00e9p\u00e9t\u00e9 intensivement afin d\u2019interpr\u00e9ter \u00ab Flowers Will Bloom \u00bb en japonais pour les spectateurs, r\u00e9sonn\u00e8rent dans la salle. Cette chanson, qu\u2019elle avait si longtemps essay\u00e9 d\u2019\u00e9viter car elle \u00e9voquait des souvenirs trop douloureux, parvint \u00e0 p\u00e9n\u00e9trer tout naturellement le c\u0153ur de cette jeune femme, touchant non seulement son c\u0153ur mais sa vie. Elle ne put r\u00e9primer ses larmes.<\/p>\n<p>Lors d\u2019une rencontre organis\u00e9e apr\u00e8s le concert avec les membres de la Chorale, elle eut l\u2019occasion de les remercier, et m\u00eame, de raconter tout ce qu\u2019elle avait travers\u00e9 \u00e0 la Directrice de la Chorale, Mme Anne Karin Sundal-Ask.<\/p>\n<p><img loading=\"lazy\" decoding=\"async\" class=\"alignnone size-full wp-image-9927\" src=\"https:\/\/www.min-on.org\/fr\/wp-content\/uploads\/sites\/7\/2020\/12\/News1-3.jpg\" alt=\"\" width=\"960\" height=\"1440\" srcset=\"https:\/\/www.min-on.org\/fr\/wp-content\/uploads\/sites\/7\/2020\/12\/News1-3.jpg 960w, https:\/\/www.min-on.org\/fr\/wp-content\/uploads\/sites\/7\/2020\/12\/News1-3-200x300.jpg 200w, https:\/\/www.min-on.org\/fr\/wp-content\/uploads\/sites\/7\/2020\/12\/News1-3-768x1152.jpg 768w, https:\/\/www.min-on.org\/fr\/wp-content\/uploads\/sites\/7\/2020\/12\/News1-3-683x1024.jpg 683w\" sizes=\"(max-width: 960px) 100vw, 960px\" \/><\/p>\n<p>Apr\u00e8s avoir \u00e9cout\u00e9 son histoire, cette derni\u00e8re la serra dans ses bras en t\u00e9moignage de compassion.<\/p>\n<p>Plus tard, la jeune Japonaise \u00e9crivit \u00e0 Min-On une longue lettre dans laquelle elle faisait part de ses sentiments : de sa d\u00e9cision de vivre d\u00e9sormais avec courage pour faire conna\u00eetre autour d\u2019elle ce qu\u2019avaient v\u00e9cu sa ville et sa r\u00e9gion natales, et surtout, cette merveille qu\u2019est la musique.<\/p>\n<p>La musique a le pouvoir d\u2019engendrer une renaissance et d\u2019apporter le bonheur.<\/p>\n<p><img loading=\"lazy\" decoding=\"async\" class=\"alignnone size-full wp-image-9928\" src=\"https:\/\/www.min-on.org\/fr\/wp-content\/uploads\/sites\/7\/2020\/12\/News1-4.jpg\" alt=\"\" width=\"1440\" height=\"960\" srcset=\"https:\/\/www.min-on.org\/fr\/wp-content\/uploads\/sites\/7\/2020\/12\/News1-4.jpg 1440w, https:\/\/www.min-on.org\/fr\/wp-content\/uploads\/sites\/7\/2020\/12\/News1-4-300x200.jpg 300w, https:\/\/www.min-on.org\/fr\/wp-content\/uploads\/sites\/7\/2020\/12\/News1-4-768x512.jpg 768w, https:\/\/www.min-on.org\/fr\/wp-content\/uploads\/sites\/7\/2020\/12\/News1-4-1024x683.jpg 1024w, https:\/\/www.min-on.org\/fr\/wp-content\/uploads\/sites\/7\/2020\/12\/News1-4-1080x720.jpg 1080w\" sizes=\"(max-width: 1440px) 100vw, 1440px\" \/><\/p>\n","protected":false},"excerpt":{"rendered":"<p>La musique touche le c\u0153ur des gens. Elle permet \u00e0 celles et ceux qui l\u2019\u00e9coutent de percevoir ce qui \u00e9tait auparavant invisible, parfois m\u00eame en ouvrant des portes sinon ferm\u00e9es \u00e0 double tour. Depuis les quatre coins du monde, son public fait entendre \u00e0 Min-On<\/p>\n","protected":false},"author":1,"featured_media":9925,"comment_status":"open","ping_status":"open","sticky":false,"template":"","format":"standard","meta":{"_et_pb_use_builder":"","_et_pb_old_content":"","_et_gb_content_width":"","footnotes":""},"categories":[11],"tags":[],"distributor_meta":false,"distributor_terms":false,"distributor_media":false,"distributor_original_site_name":"French - Min-On Website","distributor_original_site_url":"https:\/\/www.min-on.org\/fr","_links":{"self":[{"href":"https:\/\/www.min-on.org\/fr\/wp-json\/wp\/v2\/posts\/9924"}],"collection":[{"href":"https:\/\/www.min-on.org\/fr\/wp-json\/wp\/v2\/posts"}],"about":[{"href":"https:\/\/www.min-on.org\/fr\/wp-json\/wp\/v2\/types\/post"}],"author":[{"embeddable":true,"href":"https:\/\/www.min-on.org\/fr\/wp-json\/wp\/v2\/users\/1"}],"replies":[{"embeddable":true,"href":"https:\/\/www.min-on.org\/fr\/wp-json\/wp\/v2\/comments?post=9924"}],"version-history":[{"count":2,"href":"https:\/\/www.min-on.org\/fr\/wp-json\/wp\/v2\/posts\/9924\/revisions"}],"predecessor-version":[{"id":9930,"href":"https:\/\/www.min-on.org\/fr\/wp-json\/wp\/v2\/posts\/9924\/revisions\/9930"}],"wp:featuredmedia":[{"embeddable":true,"href":"https:\/\/www.min-on.org\/fr\/wp-json\/wp\/v2\/media\/9925"}],"wp:attachment":[{"href":"https:\/\/www.min-on.org\/fr\/wp-json\/wp\/v2\/media?parent=9924"}],"wp:term":[{"taxonomy":"category","embeddable":true,"href":"https:\/\/www.min-on.org\/fr\/wp-json\/wp\/v2\/categories?post=9924"},{"taxonomy":"post_tag","embeddable":true,"href":"https:\/\/www.min-on.org\/fr\/wp-json\/wp\/v2\/tags?post=9924"}],"curies":[{"name":"wp","href":"https:\/\/api.w.org\/{rel}","templated":true}]}}