{"id":9903,"date":"2020-10-16T02:57:24","date_gmt":"2020-10-16T02:57:24","guid":{"rendered":"https:\/\/www.min-on.org\/fr\/?p=9903"},"modified":"2020-11-25T06:26:26","modified_gmt":"2020-11-25T06:26:26","slug":"mise-a-jour-du-site-web-du-concours-international-de-musique-de-tokyo-section-direction-dorchestre-details-de-la-xixe-edition-du-concours-pour-lannee-2021-annonce","status":"publish","type":"post","link":"https:\/\/www.min-on.org\/fr\/9903\/mise-a-jour-du-site-web-du-concours-international-de-musique-de-tokyo-section-direction-dorchestre-details-de-la-xixe-edition-du-concours-pour-lannee-2021-annonce\/","title":{"rendered":"Mise \u00e0 Jour du Site Web du Concours International de Musique de Tokyo Section \u2018Direction d\u2019Orchestre\u2019 : D\u00e9tails de la XIXe \u00c9dition du Concours pour l\u2019Ann\u00e9e 2021 annonc\u00e9s"},"content":{"rendered":"<p><img loading=\"lazy\" decoding=\"async\" class=\"alignnone size-full wp-image-9906\" src=\"https:\/\/www.min-on.org\/fr\/wp-content\/uploads\/sites\/7\/2020\/11\/News-1-Main.jpg\" alt=\"\" width=\"1440\" height=\"1407\" srcset=\"https:\/\/www.min-on.org\/fr\/wp-content\/uploads\/sites\/7\/2020\/11\/News-1-Main.jpg 1440w, https:\/\/www.min-on.org\/fr\/wp-content\/uploads\/sites\/7\/2020\/11\/News-1-Main-300x293.jpg 300w, https:\/\/www.min-on.org\/fr\/wp-content\/uploads\/sites\/7\/2020\/11\/News-1-Main-768x750.jpg 768w, https:\/\/www.min-on.org\/fr\/wp-content\/uploads\/sites\/7\/2020\/11\/News-1-Main-1024x1001.jpg 1024w, https:\/\/www.min-on.org\/fr\/wp-content\/uploads\/sites\/7\/2020\/11\/News-1-Main-1080x1055.jpg 1080w\" sizes=\"(max-width: 1440px) 100vw, 1440px\" \/><\/p>\n<p>Le XIXe Concours International de Musique de Tokyo, Section \u2018Direction d\u2019Orchestre\u2019, aura lieu en septembre 2021.<!--more--><\/p>\n<p><img loading=\"lazy\" decoding=\"async\" class=\"alignnone size-full wp-image-9905\" src=\"https:\/\/www.min-on.org\/fr\/wp-content\/uploads\/sites\/7\/2020\/11\/News-1-2.jpg\" alt=\"\" width=\"1440\" height=\"960\" srcset=\"https:\/\/www.min-on.org\/fr\/wp-content\/uploads\/sites\/7\/2020\/11\/News-1-2.jpg 1440w, https:\/\/www.min-on.org\/fr\/wp-content\/uploads\/sites\/7\/2020\/11\/News-1-2-300x200.jpg 300w, https:\/\/www.min-on.org\/fr\/wp-content\/uploads\/sites\/7\/2020\/11\/News-1-2-768x512.jpg 768w, https:\/\/www.min-on.org\/fr\/wp-content\/uploads\/sites\/7\/2020\/11\/News-1-2-1024x683.jpg 1024w, https:\/\/www.min-on.org\/fr\/wp-content\/uploads\/sites\/7\/2020\/11\/News-1-2-1080x720.jpg 1080w\" sizes=\"(max-width: 1440px) 100vw, 1440px\" \/><\/p>\n<p>M. Tadaaki Otaka a \u00e9t\u00e9 r\u00e9cemment nomm\u00e9 Pr\u00e9sident du Jury<\/p>\n<p>La XIXe \u00c9dition du Concours International de Musique (Section \u2018Direction d\u2019Orchestre\u2019), qui a pour but de d\u00e9couvrir et de cultiver de jeunes talents musicaux, aura lieu de septembre \u00e0 octobre 2021.<\/p>\n<p>\u00c0 l\u2019occasion d\u2019une conf\u00e9rence de presse virtuelle, le 27 ao\u00fbt 2020, Min-On a esquiss\u00e9 les grandes lignes du Concours et a annonc\u00e9 par ailleurs l\u2019entr\u00e9e en fonction de M. Tadaaki Otaka en qualit\u00e9 de Pr\u00e9sident du Jury.<\/p>\n<p>Lors de la conf\u00e9rence de presse, M. Kazuto Ito, Pr\u00e9sident de Min-On et Pr\u00e9sident du Comit\u00e9 d\u2019Organisation, a prononc\u00e9 l\u2019allocution liminaire. Il a \u00e9t\u00e9 suivi par M. Hideo Murata, Pr\u00e9sident du Comit\u00e9 Ex\u00e9cutif du Concours et actuel Directeur ex\u00e9cutif de Min-On, lequel a pr\u00e9sent\u00e9 les grandes lignes de la comp\u00e9tition pour laquelle les candidatures seront accept\u00e9es d\u00e8s f\u00e9vrier prochain. M. Otaka a pris la parole pour la premi\u00e8re fois en qualit\u00e9 de nouveau Pr\u00e9sident du Jury.<\/p>\n<p><img loading=\"lazy\" decoding=\"async\" class=\"alignnone size-full wp-image-9904\" src=\"https:\/\/www.min-on.org\/fr\/wp-content\/uploads\/sites\/7\/2020\/11\/News-1-1.jpg\" alt=\"\" width=\"1440\" height=\"960\" srcset=\"https:\/\/www.min-on.org\/fr\/wp-content\/uploads\/sites\/7\/2020\/11\/News-1-1.jpg 1440w, https:\/\/www.min-on.org\/fr\/wp-content\/uploads\/sites\/7\/2020\/11\/News-1-1-300x200.jpg 300w, https:\/\/www.min-on.org\/fr\/wp-content\/uploads\/sites\/7\/2020\/11\/News-1-1-768x512.jpg 768w, https:\/\/www.min-on.org\/fr\/wp-content\/uploads\/sites\/7\/2020\/11\/News-1-1-1024x683.jpg 1024w, https:\/\/www.min-on.org\/fr\/wp-content\/uploads\/sites\/7\/2020\/11\/News-1-1-1080x720.jpg 1080w\" sizes=\"(max-width: 1440px) 100vw, 1440px\" \/><\/p>\n<p>Un d\u00e9bat entre M. Otaka et un journaliste musical s\u2019est d\u00e9roul\u00e9 durant la deuxi\u00e8me partie de la Conf\u00e9rence. La diffusion de sa teneur est pr\u00e9vue prochainement sur le site web officiel du Concours.<\/p>\n<p>Le XIXe Concours International de Musique de Tokyo (Section \u2018Direction d\u2019Orchestre\u2019) pr\u00e9sentera l\u2019Orchestre Philharmonique de Tokyo, pour les \u00e9liminatoires du mois de septembre, puis l\u2019Orchestre Philharmonique New Japan pour la derni\u00e8re s\u00e9rie qui aura lieu en octobre. Les membres du jury seront Tadaaki Otaka, Sian Edwards, Dan Ettinger, Junichi Hirokami, Michiyoshi Inoue, Okko Kamu, Rainer K\u00fcchl, Jun M\u00e4rkl et Ken Takaseki (par ordre alphab\u00e9tique).<\/p>\n<p>En 2022, les laur\u00e9ats donneront un concert c\u00e9l\u00e9brant leur victoire, avec l\u2019Orchestre Symphonique NHK au Japon, et avec l\u2019Orchestre Symphonique de Budapest en Hongrie.<\/p>\n<p>Une mise \u00e0 jour du site web du Concours retrace les grandes lignes de l\u2019\u00e9v\u00e9nement. Pour de plus amples informations concernant les dates et les crit\u00e8res de participation, veuillez vous adresser au site web du Concours (https:\/\/www.conductingtokyo.org\/).<\/p>\n<p>Concours International de Musique (Section direction d\u2019orchestre) : https:\/\/www.conductingtokyo.org\/<\/p>\n","protected":false},"excerpt":{"rendered":"<p>Le XIXe Concours International de Musique de Tokyo, Section \u2018Direction d\u2019Orchestre\u2019, aura lieu en septembre 2021.<\/p>\n","protected":false},"author":1,"featured_media":9904,"comment_status":"open","ping_status":"open","sticky":false,"template":"","format":"standard","meta":{"_et_pb_use_builder":"","_et_pb_old_content":"","_et_gb_content_width":"","footnotes":""},"categories":[11],"tags":[],"distributor_meta":false,"distributor_terms":false,"distributor_media":false,"distributor_original_site_name":"French - Min-On Website","distributor_original_site_url":"https:\/\/www.min-on.org\/fr","_links":{"self":[{"href":"https:\/\/www.min-on.org\/fr\/wp-json\/wp\/v2\/posts\/9903"}],"collection":[{"href":"https:\/\/www.min-on.org\/fr\/wp-json\/wp\/v2\/posts"}],"about":[{"href":"https:\/\/www.min-on.org\/fr\/wp-json\/wp\/v2\/types\/post"}],"author":[{"embeddable":true,"href":"https:\/\/www.min-on.org\/fr\/wp-json\/wp\/v2\/users\/1"}],"replies":[{"embeddable":true,"href":"https:\/\/www.min-on.org\/fr\/wp-json\/wp\/v2\/comments?post=9903"}],"version-history":[{"count":3,"href":"https:\/\/www.min-on.org\/fr\/wp-json\/wp\/v2\/posts\/9903\/revisions"}],"predecessor-version":[{"id":9913,"href":"https:\/\/www.min-on.org\/fr\/wp-json\/wp\/v2\/posts\/9903\/revisions\/9913"}],"wp:featuredmedia":[{"embeddable":true,"href":"https:\/\/www.min-on.org\/fr\/wp-json\/wp\/v2\/media\/9904"}],"wp:attachment":[{"href":"https:\/\/www.min-on.org\/fr\/wp-json\/wp\/v2\/media?parent=9903"}],"wp:term":[{"taxonomy":"category","embeddable":true,"href":"https:\/\/www.min-on.org\/fr\/wp-json\/wp\/v2\/categories?post=9903"},{"taxonomy":"post_tag","embeddable":true,"href":"https:\/\/www.min-on.org\/fr\/wp-json\/wp\/v2\/tags?post=9903"}],"curies":[{"name":"wp","href":"https:\/\/api.w.org\/{rel}","templated":true}]}}