{"id":9007,"date":"2020-11-04T05:44:06","date_gmt":"2020-11-04T05:44:06","guid":{"rendered":"https:\/\/www.min-on.org\/fr\/?p=9007"},"modified":"2020-11-06T08:26:33","modified_gmt":"2020-11-06T08:26:33","slug":"concert-en-ligne-pour-le-lycee-lakanal-de-sceaux-france","status":"publish","type":"post","link":"https:\/\/www.min-on.org\/fr\/9007\/concert-en-ligne-pour-le-lycee-lakanal-de-sceaux-france\/","title":{"rendered":"Concert en ligne pour le lyc\u00e9e Lakanal de Sceaux (France)"},"content":{"rendered":"<p>Jusqu\u2019\u00e0 ce jour, Min-On Concert Association a pr\u00e9sent\u00e9 la musique traditionnelle japonaises dans 22 pays et r\u00e9gions du monde. Les concerts de 4 musiciennes pr\u00e9vus en juin 2020 \u00e0 Paris et \u00e0 Nice ont \u00e9t\u00e9 annul\u00e9s en raison de la crise sanitaire.<!--more--> Apr\u00e8s plusieurs semaines de discussions, nous avons d\u00e9cid\u00e9 de proposer le 13 octobre dernier un concert en ligne pour le Lyc\u00e9e Lakanal, dans la ville de Sceaux, en banlieue parisienne. Les musiciennes \u00e9taient au Japon et les enfants en France mais chacun pouvait se voir gr\u00e2ce \u00e0 des \u00e9crans g\u00e9ants install\u00e9s dans les deux salles.<\/p>\n<p><iframe loading=\"lazy\" width=\"1080\" height=\"608\" src=\"https:\/\/www.youtube.com\/embed\/Zw9NUts-Cvo?feature=oembed&#038;enablejsapi=1&#038;origin=https:\/\/www.min-on.org\" frameborder=\"0\" allow=\"accelerometer; autoplay; clipboard-write; encrypted-media; gyroscope; picture-in-picture\" allowfullscreen><\/iframe><\/p>\n<p>Le concert, anim\u00e9 par Cyril Coppini, a commenc\u00e9 par les joyeuses salutations des \u00e9l\u00e8ves de Lakanal qui ont r\u00e9sonn\u00e9 dans la salle de Tokyo.<\/p>\n<p><img loading=\"lazy\" decoding=\"async\" class=\"alignnone size-full wp-image-9014\" src=\"https:\/\/www.min-on.org\/fr\/wp-content\/uploads\/sites\/7\/2020\/11\/MAIN.jpg\" alt=\"\" width=\"1440\" height=\"958\" srcset=\"https:\/\/www.min-on.org\/fr\/wp-content\/uploads\/sites\/7\/2020\/11\/MAIN.jpg 1440w, https:\/\/www.min-on.org\/fr\/wp-content\/uploads\/sites\/7\/2020\/11\/MAIN-300x200.jpg 300w, https:\/\/www.min-on.org\/fr\/wp-content\/uploads\/sites\/7\/2020\/11\/MAIN-768x511.jpg 768w, https:\/\/www.min-on.org\/fr\/wp-content\/uploads\/sites\/7\/2020\/11\/MAIN-1024x681.jpg 1024w, https:\/\/www.min-on.org\/fr\/wp-content\/uploads\/sites\/7\/2020\/11\/MAIN-1080x719.jpg 1080w\" sizes=\"(max-width: 1440px) 100vw, 1440px\" \/><\/p>\n<p>Sur sc\u00e8ne, 4 musiciennes: Chie Hanawa (Tsugaru Shamisen); K\u00f4zan Shiba (Shakuhachi) ; Keiko Yoshiba (Koto) ; Natsuko Fukushi (Wadaiko).<\/p>\n<p><img loading=\"lazy\" decoding=\"async\" class=\"alignnone size-full wp-image-9008\" src=\"https:\/\/www.min-on.org\/fr\/wp-content\/uploads\/sites\/7\/2020\/11\/1.jpg\" alt=\"\" width=\"960\" height=\"1443\" srcset=\"https:\/\/www.min-on.org\/fr\/wp-content\/uploads\/sites\/7\/2020\/11\/1.jpg 960w, https:\/\/www.min-on.org\/fr\/wp-content\/uploads\/sites\/7\/2020\/11\/1-200x300.jpg 200w, https:\/\/www.min-on.org\/fr\/wp-content\/uploads\/sites\/7\/2020\/11\/1-768x1154.jpg 768w, https:\/\/www.min-on.org\/fr\/wp-content\/uploads\/sites\/7\/2020\/11\/1-681x1024.jpg 681w\" sizes=\"(max-width: 960px) 100vw, 960px\" \/><\/p>\n<p>V\u00eatues de costumes aux couleurs multiples \u2013 rouge, blanc, bleu et noir \u2013 elles nous ont offert une s\u00e9lection de titres traditionnels comme \u00ab Haru no umi (La mer au printemps ) \u00bb apr\u00e8s une d\u00e9monstration solo de chaque instrument.<br \/>\nEntre chaque morceau, explication en fran\u00e7ais des instruments. C\u2019est peut-\u00eatre pour cela que certains \u00e9l\u00e8ves mimaient ensuite les mouvements de jeu du shamisen et des tambours pendant le concert.<\/p>\n<p><img loading=\"lazy\" decoding=\"async\" class=\"alignnone size-full wp-image-9009\" src=\"https:\/\/www.min-on.org\/fr\/wp-content\/uploads\/sites\/7\/2020\/11\/2.jpg\" alt=\"\" width=\"960\" height=\"1443\" srcset=\"https:\/\/www.min-on.org\/fr\/wp-content\/uploads\/sites\/7\/2020\/11\/2.jpg 960w, https:\/\/www.min-on.org\/fr\/wp-content\/uploads\/sites\/7\/2020\/11\/2-200x300.jpg 200w, https:\/\/www.min-on.org\/fr\/wp-content\/uploads\/sites\/7\/2020\/11\/2-768x1154.jpg 768w, https:\/\/www.min-on.org\/fr\/wp-content\/uploads\/sites\/7\/2020\/11\/2-681x1024.jpg 681w\" sizes=\"(max-width: 960px) 100vw, 960px\" \/><\/p>\n<p>Un de moments forts du concert a \u00e9t\u00e9 l\u2019initiation aux danses traditionnelles. En France, tous les \u00e9l\u00e8ves ont jou\u00e9 le jeu en suivant plus ou moins en rythme les m\u00e9lodies interpr\u00e9t\u00e9es par nos musiciennes.<br \/>\nApr\u00e8s une session de questions-r\u00e9ponses, une \u00e9l\u00e8ve nous a remerci\u00e9 au nom de tous. Le dernier titre \u00e9tait \u00ab Gurenge \u00bb, g\u00e9n\u00e9rique du dessin anim\u00e9 \u00ab Demon Slayer \u00bb qui conna\u00eet un grand succ\u00e8s au Japon mais aussi \u00e0 l\u2019\u00e9tranger.<br \/>\nLe titre du moment interpr\u00e9t\u00e9 par des instruments traditionnels a d\u00e9clench\u00e9 un tonnerre d\u2019applaudissements.<\/p>\n<p><img loading=\"lazy\" decoding=\"async\" class=\"alignnone size-full wp-image-9010\" src=\"https:\/\/www.min-on.org\/fr\/wp-content\/uploads\/sites\/7\/2020\/11\/3.jpg\" alt=\"\" width=\"960\" height=\"1468\" srcset=\"https:\/\/www.min-on.org\/fr\/wp-content\/uploads\/sites\/7\/2020\/11\/3.jpg 960w, https:\/\/www.min-on.org\/fr\/wp-content\/uploads\/sites\/7\/2020\/11\/3-196x300.jpg 196w, https:\/\/www.min-on.org\/fr\/wp-content\/uploads\/sites\/7\/2020\/11\/3-768x1174.jpg 768w, https:\/\/www.min-on.org\/fr\/wp-content\/uploads\/sites\/7\/2020\/11\/3-670x1024.jpg 670w\" sizes=\"(max-width: 960px) 100vw, 960px\" \/><\/p>\n<p>Les r\u00e9actions des quelques 60 personnes qui constituaient le public ont \u00e9t\u00e9 remarquables : \u00ab un jour, j\u2019aimerais apprendre le Shakuhachi \u00bb ; \u00ab La musique est un excellent moyen de motiver les gens \u00e0 vivre en paix \u00bb ; \u00ab J\u2019ai \u00e9t\u00e9 surpris par le c\u00f4t\u00e9 moderne du Shamisen \u00bb.<br \/>\nLes musiciennes, elles, ont d\u00e9clar\u00e9 \u00e0 propos de cette nouvelle fa\u00e7on de transmettre les bienfaits de la musique gr\u00e2ce aux nouvelles technologies :<\/p>\n<p>\u00ab J\u2019ai eu plusieurs fois l\u2019occasion de participer \u00e0 des concerts en ligne mais toujours \u00ab \u00e0 l\u2019aveugle \u00bb. C\u2019est la premi\u00e8re fois que je voyais le public, gr\u00e2ce aux moniteurs. Nous \u00e9tions \u00e0 12000 kilom\u00e8tres de distance mais j\u2019avais l\u2019impression que les enfants \u00e9taient l\u00e0 \u00bb (K\u00f4zan Shiba).<\/p>\n<p>\u00ab C\u2019est une nouvelle fa\u00e7on de proposer des concerts, rapidement d\u00e9velopp\u00e9e \u00e0 cause du corona, certes\u2026 L\u2019avantage des concerts en ligne, c\u2019est que l\u2019on peut voir en gros plan le mouvements des mains sur l\u2019instrument. Je pense que c\u2019est nouveau et agr\u00e9able pour le public \u00bb (Keiko Yoshiba).<\/p>\n<p>\u00ab Les concerts en ligne sont une chance de pouvoir jouer pour un public qui n\u2019est pas au Japon ou un public vieillissant qui ne peut pas se d\u00e9placer \u00bb (Natsuko Fukushi)<\/p>\n<p>D\u2019autre part, nos quatre musiciennes \u00e9taient d\u2019accord sur le fait que la technologie permet de r\u00e9duire l\u2019espace et le temps pour \u00ab permettre \u00e0 un m\u00eame public d\u2019appr\u00e9cier la musique dans un m\u00eame environnement \u00bb.<\/p>\n<p><img loading=\"lazy\" decoding=\"async\" class=\"alignnone size-full wp-image-9011\" src=\"https:\/\/www.min-on.org\/fr\/wp-content\/uploads\/sites\/7\/2020\/11\/4.jpg\" alt=\"\" width=\"1400\" height=\"932\" srcset=\"https:\/\/www.min-on.org\/fr\/wp-content\/uploads\/sites\/7\/2020\/11\/4.jpg 1400w, https:\/\/www.min-on.org\/fr\/wp-content\/uploads\/sites\/7\/2020\/11\/4-300x200.jpg 300w, https:\/\/www.min-on.org\/fr\/wp-content\/uploads\/sites\/7\/2020\/11\/4-768x511.jpg 768w, https:\/\/www.min-on.org\/fr\/wp-content\/uploads\/sites\/7\/2020\/11\/4-1024x682.jpg 1024w, https:\/\/www.min-on.org\/fr\/wp-content\/uploads\/sites\/7\/2020\/11\/4-1080x719.jpg 1080w\" sizes=\"(max-width: 1400px) 100vw, 1400px\" \/><\/p>\n<p>\u00ab Il est \u00e9vident qu\u2019un concert en direct est possible quand un musicien joue d\u2019un instrument dans un endroit donn\u00e9. Ce concert a \u00e9t\u00e9 l\u2019occasion de nous pr\u00e9parer \u00e0 des jours meilleurs o\u00f9 nous pourrons nous retrouver avec le public face \u00e0 face. C\u2019est, je crois, la mission de tout musicien digne de ce nom \u00bb (Chie Hanawa).<\/p>\n<p><img loading=\"lazy\" decoding=\"async\" class=\"alignnone size-full wp-image-9012\" src=\"https:\/\/www.min-on.org\/fr\/wp-content\/uploads\/sites\/7\/2020\/11\/5.jpg\" alt=\"\" width=\"1440\" height=\"960\" srcset=\"https:\/\/www.min-on.org\/fr\/wp-content\/uploads\/sites\/7\/2020\/11\/5.jpg 1440w, https:\/\/www.min-on.org\/fr\/wp-content\/uploads\/sites\/7\/2020\/11\/5-300x200.jpg 300w, https:\/\/www.min-on.org\/fr\/wp-content\/uploads\/sites\/7\/2020\/11\/5-768x512.jpg 768w, https:\/\/www.min-on.org\/fr\/wp-content\/uploads\/sites\/7\/2020\/11\/5-1024x683.jpg 1024w, https:\/\/www.min-on.org\/fr\/wp-content\/uploads\/sites\/7\/2020\/11\/5-1080x720.jpg 1080w\" sizes=\"(max-width: 1440px) 100vw, 1440px\" \/><\/p>\n<p>Ce concert a pu \u00eatre r\u00e9alis\u00e9 gr\u00e2ce aux dons que chacun d\u2019entre vous envoie r\u00e9guli\u00e8rement \u00e0 Min-On Concert Association.<br \/>\nSans vous, nous n\u2019existerions pas et nous tenons \u00e0 vous en remercier vivement ici.<\/p>\n<p><img loading=\"lazy\" decoding=\"async\" class=\"alignnone size-full wp-image-9015\" src=\"https:\/\/www.min-on.org\/fr\/wp-content\/uploads\/sites\/7\/2020\/11\/SUB.jpg\" alt=\"\" width=\"1440\" height=\"960\" srcset=\"https:\/\/www.min-on.org\/fr\/wp-content\/uploads\/sites\/7\/2020\/11\/SUB.jpg 1440w, https:\/\/www.min-on.org\/fr\/wp-content\/uploads\/sites\/7\/2020\/11\/SUB-300x200.jpg 300w, https:\/\/www.min-on.org\/fr\/wp-content\/uploads\/sites\/7\/2020\/11\/SUB-768x512.jpg 768w, https:\/\/www.min-on.org\/fr\/wp-content\/uploads\/sites\/7\/2020\/11\/SUB-1024x683.jpg 1024w, https:\/\/www.min-on.org\/fr\/wp-content\/uploads\/sites\/7\/2020\/11\/SUB-1080x720.jpg 1080w\" sizes=\"(max-width: 1440px) 100vw, 1440px\" \/><\/p>\n","protected":false},"excerpt":{"rendered":"<p>Jusqu\u2019\u00e0 ce jour, Min-On Concert Association a pr\u00e9sent\u00e9 la musique traditionnelle japonaises dans 22 pays et r\u00e9gions du monde. Les concerts de 4 musiciennes pr\u00e9vus en juin 2020 \u00e0 Paris et \u00e0 Nice ont \u00e9t\u00e9 annul\u00e9s en raison de la crise sanitaire.<\/p>\n","protected":false},"author":1,"featured_media":9014,"comment_status":"open","ping_status":"open","sticky":false,"template":"","format":"standard","meta":{"_et_pb_use_builder":"off","_et_pb_old_content":"<p>Jusqu\u2019\u00e0 ce jour, Min-On Concert Association a pr\u00e9sent\u00e9 la musique traditionnelle japonaises dans 22 pays et r\u00e9gions du monde. Les concerts de 4 musiciennes pr\u00e9vus en juin 2020 \u00e0 Paris et \u00e0 Nice ont \u00e9t\u00e9 annul\u00e9s en raison de la crise sanitaire.<!--more--> Apr\u00e8s plusieurs semaines de discussions, nous avons d\u00e9cid\u00e9 de proposer le 13 octobre dernier un concert en ligne pour le Lyc\u00e9e Lakanal, dans la ville de Sceaux, en banlieue parisienne. Les musiciennes \u00e9taient au Japon et les enfants en France mais chacun pouvait se voir gr\u00e2ce \u00e0 des \u00e9crans g\u00e9ants install\u00e9s dans les deux salles.<\/p><p>https:\/\/youtu.be\/Zw9NUts-Cvo<\/p><p>Le concert, dessin anim\u00e9 par Cyril Coppini, a commenc\u00e9 par les joyeuses salutations des \u00e9l\u00e8ves de Lakanal qui ont r\u00e9sonn\u00e9 dans la salle de Tokyo.<\/p><p><img class=\"alignnone size-full wp-image-9014\" src=\"https:\/\/www.min-on.org\/fr\/wp-content\/uploads\/sites\/7\/2020\/11\/MAIN.jpg\" alt=\"\" width=\"1440\" height=\"958\" \/><\/p><p>Sur sc\u00e8ne, 4 musiciennes: Chie Hanawa (Tsugaru Shamisen); K\u00f4zan Shiba (Shakuhachi) ; Keiko Yoshiba (Koto) ; Natsuko Fukushi (Wadaiko).<\/p><p><img class=\"alignnone size-full wp-image-9008\" src=\"https:\/\/www.min-on.org\/fr\/wp-content\/uploads\/sites\/7\/2020\/11\/1.jpg\" alt=\"\" width=\"960\" height=\"1443\" \/><\/p><p>V\u00eatues de costumes aux couleurs multiples \u2013 rouge, blanc, bleu et noir \u2013 elles nous ont offert une s\u00e9lection de titres traditionnels comme \u00ab Haru no umi (La mer au printemps ) \u00bb apr\u00e8s une d\u00e9monstration solo de chaque instrument.<br \/>Entre chaque morceau, explication en fran\u00e7ais des instruments. C\u2019est peut-\u00eatre pour cela que certains \u00e9l\u00e8ves mimaient ensuite les mouvements de jeu du shamisen et des tambours pendant le concert.<\/p><p><img class=\"alignnone size-full wp-image-9009\" src=\"https:\/\/www.min-on.org\/fr\/wp-content\/uploads\/sites\/7\/2020\/11\/2.jpg\" alt=\"\" width=\"960\" height=\"1443\" \/><\/p><p>Un de moments forts du concert a \u00e9t\u00e9 l\u2019initiation aux danses traditionnelles. En France, tous les \u00e9l\u00e8ves ont jou\u00e9 le jeu en suivant plus ou moins en rythme les m\u00e9lodies interpr\u00e9t\u00e9es par nos musiciennes.<br \/>Apr\u00e8s une session de questions-r\u00e9ponses, une \u00e9l\u00e8ve nous a remerci\u00e9 au nom de tous. Le dernier titre \u00e9tait \u00ab Gurenge \u00bb, le g\u00e9n\u00e9rique de l\u2019anime \u00ab Demon Slayer \u00bb qui conna\u00eet un grand succ\u00e8s au Japon mais aussi \u00e0 l\u2019\u00e9tranger.<br \/>Le titre du moment interpr\u00e9t\u00e9 par des instruments traditionnels a d\u00e9clench\u00e9 un tonnerre d\u2019applaudissements.<\/p><p><img class=\"alignnone size-full wp-image-9010\" src=\"https:\/\/www.min-on.org\/fr\/wp-content\/uploads\/sites\/7\/2020\/11\/3.jpg\" alt=\"\" width=\"960\" height=\"1468\" \/><\/p><p>Les r\u00e9actions des quelques 60 personnes qui constituaient le public ont \u00e9t\u00e9 remarquables : \u00ab un jour, j\u2019aimerais apprendre le Shakuhachi \u00bb ; \u00ab La musique est un excellent moyen de motiver les gens \u00e0 vivre en paix \u00bb ; \u00ab J\u2019ai \u00e9t\u00e9 surpris par le c\u00f4t\u00e9 moderne du Shamisen \u00bb.<br \/>Les musiciennes, elles, ont d\u00e9clar\u00e9 \u00e0 propos de cette nouvelle fa\u00e7on de transmettre les bienfaits de la musique gr\u00e2ce aux nouvelles technologies :<\/p><p>\u00ab J\u2019ai eu plusieurs fois l\u2019occasion de participer \u00e0 des concerts en ligne mais toujours \u00ab \u00e0 l\u2019aveugle \u00bb. C\u2019est la premi\u00e8re fois que je voyais le public, gr\u00e2ce aux moniteurs. Nous \u00e9tions \u00e0 12000 kilom\u00e8tres de distance mais j\u2019avais l\u2019impression que les enfants \u00e9taient l\u00e0 \u00bb (K\u00f4zan Shiba).<\/p><p>\u00ab C\u2019est une nouvelle fa\u00e7on de proposer des concerts, rapidement d\u00e9velopp\u00e9e \u00e0 cause du corona, certes\u2026 L\u2019avantage des concerts en ligne, c\u2019est que l\u2019on peut voir en gros plan le mouvements des mains sur l\u2019instrument. Je pense que c\u2019est nouveau et agr\u00e9able pour le public \u00bb (Keiko Yoshiba).<\/p><p>\u00ab Les concerts en ligne sont une chance de pouvoir jouer pour un public qui n\u2019est pas au Japon ou un public vieillissant qui ne peut pas se d\u00e9placer \u00bb (Natsuko Fukushi)<\/p><p>D\u2019autre part, nos quatre musiciennes \u00e9taient d\u2019accord sur le fait que la technologie permet de r\u00e9duire l\u2019espace et le temps pour \u00ab permettre \u00e0 un m\u00eame public d\u2019appr\u00e9cier la musique dans un m\u00eame environnement \u00bb.<\/p><p><img class=\"alignnone size-full wp-image-9011\" src=\"https:\/\/www.min-on.org\/fr\/wp-content\/uploads\/sites\/7\/2020\/11\/4.jpg\" alt=\"\" width=\"1400\" height=\"932\" \/><\/p><p>\u00ab Il est \u00e9vident qu\u2019un concert en direct est possible quand un musicien joue d\u2019un instrument dans un endroit donn\u00e9. Ce concert a \u00e9t\u00e9 l\u2019occasion de nous pr\u00e9parer \u00e0 des jours meilleurs o\u00f9 nous pourrons nous retrouver avec le public face \u00e0 face. C\u2019est, je crois, la mission de tout musicien digne de ce nom \u00bb (Chie Hanawa).<\/p><p><img class=\"alignnone size-full wp-image-9012\" src=\"https:\/\/www.min-on.org\/fr\/wp-content\/uploads\/sites\/7\/2020\/11\/5.jpg\" alt=\"\" width=\"1440\" height=\"960\" \/><\/p><p>Ce concert a pu \u00eatre r\u00e9alis\u00e9 gr\u00e2ce aux dons que chacun d\u2019entre vous envoie r\u00e9guli\u00e8rement \u00e0 Min-On Concert Association.<br \/>Sans vous, nous n\u2019existerions pas et nous tenons \u00e0 vous en remercier vivement ici.<\/p><p><img class=\"alignnone size-full wp-image-9015\" src=\"https:\/\/www.min-on.org\/fr\/wp-content\/uploads\/sites\/7\/2020\/11\/SUB.jpg\" alt=\"\" width=\"1440\" height=\"960\" \/><\/p>","_et_gb_content_width":"","footnotes":""},"categories":[11],"tags":[],"distributor_meta":false,"distributor_terms":false,"distributor_media":false,"distributor_original_site_name":"French - Min-On Website","distributor_original_site_url":"https:\/\/www.min-on.org\/fr","_links":{"self":[{"href":"https:\/\/www.min-on.org\/fr\/wp-json\/wp\/v2\/posts\/9007"}],"collection":[{"href":"https:\/\/www.min-on.org\/fr\/wp-json\/wp\/v2\/posts"}],"about":[{"href":"https:\/\/www.min-on.org\/fr\/wp-json\/wp\/v2\/types\/post"}],"author":[{"embeddable":true,"href":"https:\/\/www.min-on.org\/fr\/wp-json\/wp\/v2\/users\/1"}],"replies":[{"embeddable":true,"href":"https:\/\/www.min-on.org\/fr\/wp-json\/wp\/v2\/comments?post=9007"}],"version-history":[{"count":9,"href":"https:\/\/www.min-on.org\/fr\/wp-json\/wp\/v2\/posts\/9007\/revisions"}],"predecessor-version":[{"id":9074,"href":"https:\/\/www.min-on.org\/fr\/wp-json\/wp\/v2\/posts\/9007\/revisions\/9074"}],"wp:featuredmedia":[{"embeddable":true,"href":"https:\/\/www.min-on.org\/fr\/wp-json\/wp\/v2\/media\/9014"}],"wp:attachment":[{"href":"https:\/\/www.min-on.org\/fr\/wp-json\/wp\/v2\/media?parent=9007"}],"wp:term":[{"taxonomy":"category","embeddable":true,"href":"https:\/\/www.min-on.org\/fr\/wp-json\/wp\/v2\/categories?post=9007"},{"taxonomy":"post_tag","embeddable":true,"href":"https:\/\/www.min-on.org\/fr\/wp-json\/wp\/v2\/tags?post=9007"}],"curies":[{"name":"wp","href":"https:\/\/api.w.org\/{rel}","templated":true}]}}