{"id":8944,"date":"2020-06-08T09:43:15","date_gmt":"2020-06-08T09:43:15","guid":{"rendered":"https:\/\/www.min-on.org\/fr\/?p=8944"},"modified":"2020-06-08T09:43:15","modified_gmt":"2020-06-08T09:43:15","slug":"30e-festival-international-de-musique-estudiantine-du-kansai-et-6e-festival-international-de-musique-estudiantine-de-kanagawa","status":"publish","type":"post","link":"https:\/\/www.min-on.org\/fr\/8944\/30e-festival-international-de-musique-estudiantine-du-kansai-et-6e-festival-international-de-musique-estudiantine-de-kanagawa\/","title":{"rendered":"30e Festival International de Musique Estudiantine du Kansai et 6e Festival International de Musique Estudiantine de Kanagawa"},"content":{"rendered":"<p><img loading=\"lazy\" decoding=\"async\" class=\"alignnone size-full wp-image-8945\" src=\"https:\/\/www.min-on.org\/fr\/wp-content\/uploads\/sites\/7\/2020\/06\/News-12-1kansai.jpg\" alt=\"\" width=\"1440\" height=\"959\" srcset=\"https:\/\/www.min-on.org\/fr\/wp-content\/uploads\/sites\/7\/2020\/06\/News-12-1kansai.jpg 1440w, https:\/\/www.min-on.org\/fr\/wp-content\/uploads\/sites\/7\/2020\/06\/News-12-1kansai-300x200.jpg 300w, https:\/\/www.min-on.org\/fr\/wp-content\/uploads\/sites\/7\/2020\/06\/News-12-1kansai-768x511.jpg 768w, https:\/\/www.min-on.org\/fr\/wp-content\/uploads\/sites\/7\/2020\/06\/News-12-1kansai-1024x682.jpg 1024w, https:\/\/www.min-on.org\/fr\/wp-content\/uploads\/sites\/7\/2020\/06\/News-12-1kansai-1080x719.jpg 1080w\" sizes=\"(max-width: 1440px) 100vw, 1440px\" \/><\/p>\n<p>La Sixi\u00e8me \u00e9dition du Festival International de Musique Estudiantine de Kanagawa a \u00e9t\u00e9 organis\u00e9e le 7 d\u00e9cembre 2019 au Yokohama Kannai Hall, r\u00e9unissant trente \u00e9tudiants venus de sept pays,<!--more--> lesquels ont fait montre de leurs talents artistiques englobant divers cultures et genres de musique et de danse. Le tableau final, r\u00e9unissant tous les \u00e9tudiants sur la \u00ab Sc\u00e8ne Mondiale \u00bb, a offert un spectacle si \u00e9mouvant que certains en avaient les larmes aux yeux.<\/p>\n<p><img loading=\"lazy\" decoding=\"async\" class=\"alignnone size-full wp-image-8946\" src=\"https:\/\/www.min-on.org\/fr\/wp-content\/uploads\/sites\/7\/2020\/06\/News-12-2kansai.jpg\" alt=\"\" width=\"1440\" height=\"875\" srcset=\"https:\/\/www.min-on.org\/fr\/wp-content\/uploads\/sites\/7\/2020\/06\/News-12-2kansai.jpg 1440w, https:\/\/www.min-on.org\/fr\/wp-content\/uploads\/sites\/7\/2020\/06\/News-12-2kansai-300x182.jpg 300w, https:\/\/www.min-on.org\/fr\/wp-content\/uploads\/sites\/7\/2020\/06\/News-12-2kansai-768x467.jpg 768w, https:\/\/www.min-on.org\/fr\/wp-content\/uploads\/sites\/7\/2020\/06\/News-12-2kansai-1024x622.jpg 1024w, https:\/\/www.min-on.org\/fr\/wp-content\/uploads\/sites\/7\/2020\/06\/News-12-2kansai-1080x656.jpg 1080w\" sizes=\"(max-width: 1440px) 100vw, 1440px\" \/><\/p>\n<p>Quant au Festival International de Musique Estudiantine du Kansai, tenu le 15 d\u00e9cembre et f\u00eatant ses trois d\u00e9cennies d\u2019existence, cinquante-trois \u00e9tudiants \u00e9trangers venus de dix-sept universit\u00e9s repr\u00e9sentant onze pays et r\u00e9gions ont pr\u00e9sent\u00e9 des musiques ou danses traditionnelles de leur pays d\u2019origine au Main Hall du Th\u00e9\u00e2tre ROHM \u00e0 Kyoto.<\/p>\n<p><img loading=\"lazy\" decoding=\"async\" class=\"alignnone size-full wp-image-8947\" src=\"https:\/\/www.min-on.org\/fr\/wp-content\/uploads\/sites\/7\/2020\/06\/News-12-3\uff08kanagawa.jpg\" alt=\"\" width=\"1440\" height=\"960\" srcset=\"https:\/\/www.min-on.org\/fr\/wp-content\/uploads\/sites\/7\/2020\/06\/News-12-3\uff08kanagawa.jpg 1440w, https:\/\/www.min-on.org\/fr\/wp-content\/uploads\/sites\/7\/2020\/06\/News-12-3\uff08kanagawa-300x200.jpg 300w, https:\/\/www.min-on.org\/fr\/wp-content\/uploads\/sites\/7\/2020\/06\/News-12-3\uff08kanagawa-768x512.jpg 768w, https:\/\/www.min-on.org\/fr\/wp-content\/uploads\/sites\/7\/2020\/06\/News-12-3\uff08kanagawa-1024x683.jpg 1024w, https:\/\/www.min-on.org\/fr\/wp-content\/uploads\/sites\/7\/2020\/06\/News-12-3\uff08kanagawa-1080x720.jpg 1080w\" sizes=\"(max-width: 1440px) 100vw, 1440px\" \/><\/p>\n<p>L\u2019un des \u00e9tudiants, ravi d\u2019avoir pu y participer, a exprim\u00e9 sa reconnaissance et son souhait que cette manifestation perdure \u00e0 l\u2019avenir, et qu\u2019elle f\u00eate sa 50e voire sa 100e \u00e9dition. D\u2019autres ont indiqu\u00e9 que cette manifestation leur avait insuffl\u00e9 l\u2019espoir que la paix mondiale puisse devenir r\u00e9alit\u00e9.<\/p>\n<p><img loading=\"lazy\" decoding=\"async\" class=\"alignnone size-full wp-image-8948\" src=\"https:\/\/www.min-on.org\/fr\/wp-content\/uploads\/sites\/7\/2020\/06\/News-12-4kanagawa.jpg\" alt=\"\" width=\"1440\" height=\"960\" srcset=\"https:\/\/www.min-on.org\/fr\/wp-content\/uploads\/sites\/7\/2020\/06\/News-12-4kanagawa.jpg 1440w, https:\/\/www.min-on.org\/fr\/wp-content\/uploads\/sites\/7\/2020\/06\/News-12-4kanagawa-300x200.jpg 300w, https:\/\/www.min-on.org\/fr\/wp-content\/uploads\/sites\/7\/2020\/06\/News-12-4kanagawa-768x512.jpg 768w, https:\/\/www.min-on.org\/fr\/wp-content\/uploads\/sites\/7\/2020\/06\/News-12-4kanagawa-1024x683.jpg 1024w, https:\/\/www.min-on.org\/fr\/wp-content\/uploads\/sites\/7\/2020\/06\/News-12-4kanagawa-1080x720.jpg 1080w\" sizes=\"(max-width: 1440px) 100vw, 1440px\" \/><\/p>\n<p>Ces \u00e9v\u00e9nements, organis\u00e9s dans le cadre de nos actions en faveur du bien public, ont \u00e9t\u00e9 rendus possibles gr\u00e2ce au soutien de nos Amis adh\u00e9rents.<\/p>\n","protected":false},"excerpt":{"rendered":"<p>La Sixi\u00e8me \u00e9dition du Festival International de Musique Estudiantine de Kanagawa a \u00e9t\u00e9 organis\u00e9e le 7 d\u00e9cembre 2019 au Yokohama Kannai Hall, r\u00e9unissant trente \u00e9tudiants venus de sept pays,<\/p>\n","protected":false},"author":1,"featured_media":8946,"comment_status":"open","ping_status":"open","sticky":false,"template":"","format":"standard","meta":{"_et_pb_use_builder":"","_et_pb_old_content":"","_et_gb_content_width":"","footnotes":""},"categories":[11],"tags":[],"distributor_meta":false,"distributor_terms":false,"distributor_media":false,"distributor_original_site_name":"French - Min-On Website","distributor_original_site_url":"https:\/\/www.min-on.org\/fr","_links":{"self":[{"href":"https:\/\/www.min-on.org\/fr\/wp-json\/wp\/v2\/posts\/8944"}],"collection":[{"href":"https:\/\/www.min-on.org\/fr\/wp-json\/wp\/v2\/posts"}],"about":[{"href":"https:\/\/www.min-on.org\/fr\/wp-json\/wp\/v2\/types\/post"}],"author":[{"embeddable":true,"href":"https:\/\/www.min-on.org\/fr\/wp-json\/wp\/v2\/users\/1"}],"replies":[{"embeddable":true,"href":"https:\/\/www.min-on.org\/fr\/wp-json\/wp\/v2\/comments?post=8944"}],"version-history":[{"count":1,"href":"https:\/\/www.min-on.org\/fr\/wp-json\/wp\/v2\/posts\/8944\/revisions"}],"predecessor-version":[{"id":8949,"href":"https:\/\/www.min-on.org\/fr\/wp-json\/wp\/v2\/posts\/8944\/revisions\/8949"}],"wp:featuredmedia":[{"embeddable":true,"href":"https:\/\/www.min-on.org\/fr\/wp-json\/wp\/v2\/media\/8946"}],"wp:attachment":[{"href":"https:\/\/www.min-on.org\/fr\/wp-json\/wp\/v2\/media?parent=8944"}],"wp:term":[{"taxonomy":"category","embeddable":true,"href":"https:\/\/www.min-on.org\/fr\/wp-json\/wp\/v2\/categories?post=8944"},{"taxonomy":"post_tag","embeddable":true,"href":"https:\/\/www.min-on.org\/fr\/wp-json\/wp\/v2\/tags?post=8944"}],"curies":[{"name":"wp","href":"https:\/\/api.w.org\/{rel}","templated":true}]}}