{"id":8935,"date":"2020-06-08T09:32:18","date_gmt":"2020-06-08T09:32:18","guid":{"rendered":"https:\/\/www.min-on.org\/fr\/?p=8935"},"modified":"2020-06-08T09:33:40","modified_gmt":"2020-06-08T09:33:40","slug":"le-groupe-bresilien-ordinance-en-tournee-au-japon","status":"publish","type":"post","link":"https:\/\/www.min-on.org\/fr\/8935\/le-groupe-bresilien-ordinance-en-tournee-au-japon\/","title":{"rendered":"Le groupe br\u00e9silien Ordinarius en tourn\u00e9e au Japon"},"content":{"rendered":"<p><img loading=\"lazy\" decoding=\"async\" class=\"alignnone size-full wp-image-8936\" src=\"https:\/\/www.min-on.org\/fr\/wp-content\/uploads\/sites\/7\/2020\/06\/News-9-1.jpg\" alt=\"\" width=\"1440\" height=\"960\" srcset=\"https:\/\/www.min-on.org\/fr\/wp-content\/uploads\/sites\/7\/2020\/06\/News-9-1.jpg 1440w, https:\/\/www.min-on.org\/fr\/wp-content\/uploads\/sites\/7\/2020\/06\/News-9-1-300x200.jpg 300w, https:\/\/www.min-on.org\/fr\/wp-content\/uploads\/sites\/7\/2020\/06\/News-9-1-768x512.jpg 768w, https:\/\/www.min-on.org\/fr\/wp-content\/uploads\/sites\/7\/2020\/06\/News-9-1-1024x683.jpg 1024w, https:\/\/www.min-on.org\/fr\/wp-content\/uploads\/sites\/7\/2020\/06\/News-9-1-1080x720.jpg 1080w\" sizes=\"(max-width: 1440px) 100vw, 1440px\" \/><\/p>\n<p>Le groupe br\u00e9silien Ordinarius, laur\u00e9at du Concours National des Groupes Vocaux au Br\u00e9sil, a commenc\u00e9 \u00e0 int\u00e9grer des instruments \u00e0 ses num\u00e9ros a capella, ce qui a permis \u00e0 ce groupe compos\u00e9 de sept personnes<!--more--> de partager une musique fabuleuse avec son public.<\/p>\n<p><img loading=\"lazy\" decoding=\"async\" class=\"alignnone size-full wp-image-8937\" src=\"https:\/\/www.min-on.org\/fr\/wp-content\/uploads\/sites\/7\/2020\/06\/News-9-2.jpg\" alt=\"\" width=\"1440\" height=\"855\" srcset=\"https:\/\/www.min-on.org\/fr\/wp-content\/uploads\/sites\/7\/2020\/06\/News-9-2.jpg 1440w, https:\/\/www.min-on.org\/fr\/wp-content\/uploads\/sites\/7\/2020\/06\/News-9-2-300x178.jpg 300w, https:\/\/www.min-on.org\/fr\/wp-content\/uploads\/sites\/7\/2020\/06\/News-9-2-768x456.jpg 768w, https:\/\/www.min-on.org\/fr\/wp-content\/uploads\/sites\/7\/2020\/06\/News-9-2-1024x608.jpg 1024w, https:\/\/www.min-on.org\/fr\/wp-content\/uploads\/sites\/7\/2020\/06\/News-9-2-1080x641.jpg 1080w\" sizes=\"(max-width: 1440px) 100vw, 1440px\" \/><\/p>\n<p>Apr\u00e8s son arriv\u00e9e au Japon le 11 novembre, le groupe a effectu\u00e9 une visite amicale \u00e0 la Maison de la Culture Min-On le 13 novembre, o\u00f9 les membres ont \u00e9t\u00e9 accueillis par les employ\u00e9s. Ravis de cet accueil chaleureux, les artistes ont exprim\u00e9 \u00e0 leur tour leurs remerciements en interpr\u00e9tant un morceau au pied lev\u00e9. Son harmonie joyeuse et naturelle a fait na\u00eetre un sourire sur tous les visages.<\/p>\n<p>Le 16, lors de leur premier concert au Centre Culturel de la Ville d\u2019Iwakuni \u2013 leur toute premi\u00e8re prestation au Japon \u2013, les artistes avaient l\u2019air un peu tendu, mais le concert s\u2019est achev\u00e9 sous les applaudissements enthousiastes du public.<\/p>\n<p><img loading=\"lazy\" decoding=\"async\" class=\"alignnone size-full wp-image-8938\" src=\"https:\/\/www.min-on.org\/fr\/wp-content\/uploads\/sites\/7\/2020\/06\/News-9-3.jpg\" alt=\"\" width=\"1440\" height=\"960\" srcset=\"https:\/\/www.min-on.org\/fr\/wp-content\/uploads\/sites\/7\/2020\/06\/News-9-3.jpg 1440w, https:\/\/www.min-on.org\/fr\/wp-content\/uploads\/sites\/7\/2020\/06\/News-9-3-300x200.jpg 300w, https:\/\/www.min-on.org\/fr\/wp-content\/uploads\/sites\/7\/2020\/06\/News-9-3-768x512.jpg 768w, https:\/\/www.min-on.org\/fr\/wp-content\/uploads\/sites\/7\/2020\/06\/News-9-3-1024x683.jpg 1024w, https:\/\/www.min-on.org\/fr\/wp-content\/uploads\/sites\/7\/2020\/06\/News-9-3-1080x720.jpg 1080w\" sizes=\"(max-width: 1440px) 100vw, 1440px\" \/><\/p>\n<p>\u00c0 Yonago, dans la pr\u00e9fecture de Tottori, les artistes ont eu l\u2019occasion d\u2019\u00e9changer avec une chorale de jeunes de la ville. Fortement impressionn\u00e9s par le niveau de la chorale, les membres d\u2019Ordinance ont exprim\u00e9 leur reconnaissance, le visage radieux : \u00ab Nous ch\u00e9rirons cette occasion jusqu\u2019\u00e0 la fin de notre vie. Nous serions ravis que tous ces enfants puissent se rendre au Br\u00e9sil \u00e0 l\u2019avenir. \u00bb<\/p>\n<p>Les 23 concerts de leur tourn\u00e9e japonaise ont \u00e9t\u00e9 couronn\u00e9s par une magnifique prestation au Naruto Bunka Kaikan, dans la pr\u00e9fecture de Tokushima, unissant artistes et spectateurs dans une ambiance chaleureuse.<\/p>\n<p><img loading=\"lazy\" decoding=\"async\" class=\"alignnone size-full wp-image-8939\" src=\"https:\/\/www.min-on.org\/fr\/wp-content\/uploads\/sites\/7\/2020\/06\/News-9-4.jpg\" alt=\"\" width=\"1440\" height=\"960\" srcset=\"https:\/\/www.min-on.org\/fr\/wp-content\/uploads\/sites\/7\/2020\/06\/News-9-4.jpg 1440w, https:\/\/www.min-on.org\/fr\/wp-content\/uploads\/sites\/7\/2020\/06\/News-9-4-300x200.jpg 300w, https:\/\/www.min-on.org\/fr\/wp-content\/uploads\/sites\/7\/2020\/06\/News-9-4-768x512.jpg 768w, https:\/\/www.min-on.org\/fr\/wp-content\/uploads\/sites\/7\/2020\/06\/News-9-4-1024x683.jpg 1024w, https:\/\/www.min-on.org\/fr\/wp-content\/uploads\/sites\/7\/2020\/06\/News-9-4-1080x720.jpg 1080w\" sizes=\"(max-width: 1440px) 100vw, 1440px\" \/><\/p>\n<p>Au moment de quitter le sol nippon, chacun des membres du groupe paraissait attrist\u00e9, tous affirmant qu\u2019ils n\u2019oublieraient jamais leur exp\u00e9rience au Japon.<\/p>\n<p>Le chef du groupe, Augusto, a fait part de ses sentiments, exprimant au nom du groupe ses remerciements au fondateur de Min-On, M. Ikeda, pour toutes ses attentions jusqu\u2019\u00e0 la fin de leur s\u00e9jour, qui fut selon ses termes \u00ab pareil \u00e0 un r\u00eave \u00bb. \u00c0 propos des 23 concerts, il a poursuivi : \u00ab Ce fut une exp\u00e9rience inoubliable. Nous souhaitons exprimer notre plus profonde gratitude \u00e0 tous ceux qui ont rendu ces concerts possibles \u2013 merci \u00bb.<\/p>\n<p><img loading=\"lazy\" decoding=\"async\" class=\"alignnone size-full wp-image-8940\" src=\"https:\/\/www.min-on.org\/fr\/wp-content\/uploads\/sites\/7\/2020\/06\/News-9-5.jpg\" alt=\"\" width=\"1440\" height=\"960\" srcset=\"https:\/\/www.min-on.org\/fr\/wp-content\/uploads\/sites\/7\/2020\/06\/News-9-5.jpg 1440w, https:\/\/www.min-on.org\/fr\/wp-content\/uploads\/sites\/7\/2020\/06\/News-9-5-300x200.jpg 300w, https:\/\/www.min-on.org\/fr\/wp-content\/uploads\/sites\/7\/2020\/06\/News-9-5-768x512.jpg 768w, https:\/\/www.min-on.org\/fr\/wp-content\/uploads\/sites\/7\/2020\/06\/News-9-5-1024x683.jpg 1024w, https:\/\/www.min-on.org\/fr\/wp-content\/uploads\/sites\/7\/2020\/06\/News-9-5-1080x720.jpg 1080w\" sizes=\"(max-width: 1440px) 100vw, 1440px\" \/><\/p>\n","protected":false},"excerpt":{"rendered":"<p>Le groupe br\u00e9silien Ordinarius, laur\u00e9at du Concours National des Groupes Vocaux au Br\u00e9sil, a commenc\u00e9 \u00e0 int\u00e9grer des instruments \u00e0 ses num\u00e9ros a capella, ce qui a permis \u00e0 ce groupe compos\u00e9 de sept personnes<\/p>\n","protected":false},"author":1,"featured_media":8936,"comment_status":"open","ping_status":"open","sticky":false,"template":"","format":"standard","meta":{"_et_pb_use_builder":"","_et_pb_old_content":"","_et_gb_content_width":"","footnotes":""},"categories":[11],"tags":[],"distributor_meta":false,"distributor_terms":false,"distributor_media":false,"distributor_original_site_name":"French - Min-On Website","distributor_original_site_url":"https:\/\/www.min-on.org\/fr","_links":{"self":[{"href":"https:\/\/www.min-on.org\/fr\/wp-json\/wp\/v2\/posts\/8935"}],"collection":[{"href":"https:\/\/www.min-on.org\/fr\/wp-json\/wp\/v2\/posts"}],"about":[{"href":"https:\/\/www.min-on.org\/fr\/wp-json\/wp\/v2\/types\/post"}],"author":[{"embeddable":true,"href":"https:\/\/www.min-on.org\/fr\/wp-json\/wp\/v2\/users\/1"}],"replies":[{"embeddable":true,"href":"https:\/\/www.min-on.org\/fr\/wp-json\/wp\/v2\/comments?post=8935"}],"version-history":[{"count":3,"href":"https:\/\/www.min-on.org\/fr\/wp-json\/wp\/v2\/posts\/8935\/revisions"}],"predecessor-version":[{"id":8943,"href":"https:\/\/www.min-on.org\/fr\/wp-json\/wp\/v2\/posts\/8935\/revisions\/8943"}],"wp:featuredmedia":[{"embeddable":true,"href":"https:\/\/www.min-on.org\/fr\/wp-json\/wp\/v2\/media\/8936"}],"wp:attachment":[{"href":"https:\/\/www.min-on.org\/fr\/wp-json\/wp\/v2\/media?parent=8935"}],"wp:term":[{"taxonomy":"category","embeddable":true,"href":"https:\/\/www.min-on.org\/fr\/wp-json\/wp\/v2\/categories?post=8935"},{"taxonomy":"post_tag","embeddable":true,"href":"https:\/\/www.min-on.org\/fr\/wp-json\/wp\/v2\/tags?post=8935"}],"curies":[{"name":"wp","href":"https:\/\/api.w.org\/{rel}","templated":true}]}}