{"id":8931,"date":"2020-06-08T09:23:26","date_gmt":"2020-06-08T09:23:26","guid":{"rendered":"https:\/\/www.min-on.org\/fr\/?p=8931"},"modified":"2020-06-08T09:23:54","modified_gmt":"2020-06-08T09:23:54","slug":"tournee-japonaise-et-visite-de-rajaton-groupe-originaire-de-la-republique-de-finlande-a-la-maison-de-la-culture-min-on","status":"publish","type":"post","link":"https:\/\/www.min-on.org\/fr\/8931\/tournee-japonaise-et-visite-de-rajaton-groupe-originaire-de-la-republique-de-finlande-a-la-maison-de-la-culture-min-on\/","title":{"rendered":"Tourn\u00e9e japonaise et visite de Rajaton, groupe originaire de la R\u00e9publique de Finlande, \u00e0 la Maison de la Culture Min-On"},"content":{"rendered":"<p><img loading=\"lazy\" decoding=\"async\" class=\"alignnone size-full wp-image-8932\" src=\"https:\/\/www.min-on.org\/fr\/wp-content\/uploads\/sites\/7\/2020\/06\/News-8-1.jpg\" alt=\"\" width=\"1440\" height=\"960\" srcset=\"https:\/\/www.min-on.org\/fr\/wp-content\/uploads\/sites\/7\/2020\/06\/News-8-1.jpg 1440w, https:\/\/www.min-on.org\/fr\/wp-content\/uploads\/sites\/7\/2020\/06\/News-8-1-300x200.jpg 300w, https:\/\/www.min-on.org\/fr\/wp-content\/uploads\/sites\/7\/2020\/06\/News-8-1-768x512.jpg 768w, https:\/\/www.min-on.org\/fr\/wp-content\/uploads\/sites\/7\/2020\/06\/News-8-1-1024x683.jpg 1024w, https:\/\/www.min-on.org\/fr\/wp-content\/uploads\/sites\/7\/2020\/06\/News-8-1-1080x720.jpg 1080w\" sizes=\"(max-width: 1440px) 100vw, 1440px\" \/><\/p>\n<p>Le 7 novembre, le groupe de chant a capella Rajaton a rendu visite \u00e0 la Maison de la Culture Min-On dans le cadre de sa tourn\u00e9e au Japon \u00e0 l\u2019occasion des c\u00e9l\u00e9brations du Centenaire<!--more--> de l\u2019\u00e9tablissement de liens diplomatiques entre le Japon et la Finlande.<\/p>\n<p><img loading=\"lazy\" decoding=\"async\" class=\"alignnone size-full wp-image-8933\" src=\"https:\/\/www.min-on.org\/fr\/wp-content\/uploads\/sites\/7\/2020\/06\/News-8-2.jpg\" alt=\"\" width=\"1440\" height=\"960\" srcset=\"https:\/\/www.min-on.org\/fr\/wp-content\/uploads\/sites\/7\/2020\/06\/News-8-2.jpg 1440w, https:\/\/www.min-on.org\/fr\/wp-content\/uploads\/sites\/7\/2020\/06\/News-8-2-300x200.jpg 300w, https:\/\/www.min-on.org\/fr\/wp-content\/uploads\/sites\/7\/2020\/06\/News-8-2-768x512.jpg 768w, https:\/\/www.min-on.org\/fr\/wp-content\/uploads\/sites\/7\/2020\/06\/News-8-2-1024x683.jpg 1024w, https:\/\/www.min-on.org\/fr\/wp-content\/uploads\/sites\/7\/2020\/06\/News-8-2-1080x720.jpg 1080w\" sizes=\"(max-width: 1440px) 100vw, 1440px\" \/><\/p>\n<p>M. Ahti Paunu a fait part de sa profonde sympathie pour les actions men\u00e9es par Min-On en faveur de la paix et a exprim\u00e9 ses attentes \u00e0 l\u2019\u00e9gard de sa tourn\u00e9e japonaise.<\/p>\n","protected":false},"excerpt":{"rendered":"<p>Le 7 novembre, le groupe de chant a capella Rajaton a rendu visite \u00e0 la Maison de la Culture Min-On dans le cadre de sa tourn\u00e9e au Japon \u00e0 l\u2019occasion des c\u00e9l\u00e9brations du Centenaire<\/p>\n","protected":false},"author":1,"featured_media":8932,"comment_status":"open","ping_status":"open","sticky":false,"template":"","format":"standard","meta":{"_et_pb_use_builder":"","_et_pb_old_content":"","_et_gb_content_width":"","footnotes":""},"categories":[11],"tags":[],"distributor_meta":false,"distributor_terms":false,"distributor_media":false,"distributor_original_site_name":"French - Min-On Website","distributor_original_site_url":"https:\/\/www.min-on.org\/fr","_links":{"self":[{"href":"https:\/\/www.min-on.org\/fr\/wp-json\/wp\/v2\/posts\/8931"}],"collection":[{"href":"https:\/\/www.min-on.org\/fr\/wp-json\/wp\/v2\/posts"}],"about":[{"href":"https:\/\/www.min-on.org\/fr\/wp-json\/wp\/v2\/types\/post"}],"author":[{"embeddable":true,"href":"https:\/\/www.min-on.org\/fr\/wp-json\/wp\/v2\/users\/1"}],"replies":[{"embeddable":true,"href":"https:\/\/www.min-on.org\/fr\/wp-json\/wp\/v2\/comments?post=8931"}],"version-history":[{"count":1,"href":"https:\/\/www.min-on.org\/fr\/wp-json\/wp\/v2\/posts\/8931\/revisions"}],"predecessor-version":[{"id":8934,"href":"https:\/\/www.min-on.org\/fr\/wp-json\/wp\/v2\/posts\/8931\/revisions\/8934"}],"wp:featuredmedia":[{"embeddable":true,"href":"https:\/\/www.min-on.org\/fr\/wp-json\/wp\/v2\/media\/8932"}],"wp:attachment":[{"href":"https:\/\/www.min-on.org\/fr\/wp-json\/wp\/v2\/media?parent=8931"}],"wp:term":[{"taxonomy":"category","embeddable":true,"href":"https:\/\/www.min-on.org\/fr\/wp-json\/wp\/v2\/categories?post=8931"},{"taxonomy":"post_tag","embeddable":true,"href":"https:\/\/www.min-on.org\/fr\/wp-json\/wp\/v2\/tags?post=8931"}],"curies":[{"name":"wp","href":"https:\/\/api.w.org\/{rel}","templated":true}]}}