{"id":8925,"date":"2020-05-08T08:53:39","date_gmt":"2020-05-08T08:53:39","guid":{"rendered":"https:\/\/www.min-on.org\/fr\/?p=8925"},"modified":"2020-05-08T08:55:54","modified_gmt":"2020-05-08T08:55:54","slug":"sixieme-edition-du-min-on-global-music-network-en-thailande-octobre-2019","status":"publish","type":"post","link":"https:\/\/www.min-on.org\/fr\/8925\/sixieme-edition-du-min-on-global-music-network-en-thailande-octobre-2019\/","title":{"rendered":"Sixi\u00e8me \u00e9dition du Min-On Global Music Network en Tha\u00eflande, octobre 2019"},"content":{"rendered":"<p><img loading=\"lazy\" decoding=\"async\" class=\"size-full wp-image-8926\" src=\"https:\/\/www.min-on.org\/fr\/wp-content\/uploads\/sites\/7\/2020\/05\/News-7-1.jpg\" alt=\"\" width=\"1440\" height=\"960\" srcset=\"https:\/\/www.min-on.org\/fr\/wp-content\/uploads\/sites\/7\/2020\/05\/News-7-1.jpg 1440w, https:\/\/www.min-on.org\/fr\/wp-content\/uploads\/sites\/7\/2020\/05\/News-7-1-300x200.jpg 300w, https:\/\/www.min-on.org\/fr\/wp-content\/uploads\/sites\/7\/2020\/05\/News-7-1-768x512.jpg 768w, https:\/\/www.min-on.org\/fr\/wp-content\/uploads\/sites\/7\/2020\/05\/News-7-1-1024x683.jpg 1024w, https:\/\/www.min-on.org\/fr\/wp-content\/uploads\/sites\/7\/2020\/05\/News-7-1-1080x720.jpg 1080w\" sizes=\"(max-width: 1440px) 100vw, 1440px\" \/><\/p>\n<p>Du 12 au 20 octobre 2019, la sixi\u00e8me \u00e9dition du Min-On Global Music Network a \u00e9t\u00e9 organis\u00e9e conjointement par Min-On, le Minist\u00e8re de la Culture de Tha\u00eflande, et l\u2019Ambassade du Japon en Tha\u00eflande<!--more--> afin de c\u00e9l\u00e9brer une D\u00e9cennie de relations amicales entre le M\u00e9kong et le Japon.<\/p>\n<p>Parmi les artistes japonais en tourn\u00e9e en Tha\u00eflande figuraient Shogo Yoshii, qui a fait partie durant dix ans du Kodo, groupe de tambours japonais Ta\u00efko, ainsi que d\u2019autres joueurs de Ta\u00efko et d\u2019autres instruments traditionnels japonais, dont la fl\u00fbte Shinobue, le Kokyu, le Tsugaru shamisen, le Hishiriki, le Sho, la flute, et le Koto \u00e0 17 cordes. Du c\u00f4t\u00e9 tha\u00eflandais, Tossaporn Tassana, joueur de Ranat ek, un instrument traditionnel, s\u2019est produit en tant qu\u2019artiste invit\u00e9, contribuant ainsi \u00e0 estomper les lignes s\u00e9parant les genres musicaux, et transmettant l\u2019\u00e2me de la musique japonaise.<\/p>\n<p>Le premier jour, \u00e0 Chiang Mai, les spectateurs, quelque peu intimid\u00e9s, se sont peu exprim\u00e9s. Mais \u00e0 mesure que le concert avan\u00e7ait, la salle a \u00e9t\u00e9 transport\u00e9e d\u2019enthousiasme.<\/p>\n<p><img loading=\"lazy\" decoding=\"async\" class=\"alignnone size-full wp-image-8927\" src=\"https:\/\/www.min-on.org\/fr\/wp-content\/uploads\/sites\/7\/2020\/05\/News-7-2.jpg\" alt=\"\" width=\"1440\" height=\"960\" srcset=\"https:\/\/www.min-on.org\/fr\/wp-content\/uploads\/sites\/7\/2020\/05\/News-7-2.jpg 1440w, https:\/\/www.min-on.org\/fr\/wp-content\/uploads\/sites\/7\/2020\/05\/News-7-2-300x200.jpg 300w, https:\/\/www.min-on.org\/fr\/wp-content\/uploads\/sites\/7\/2020\/05\/News-7-2-768x512.jpg 768w, https:\/\/www.min-on.org\/fr\/wp-content\/uploads\/sites\/7\/2020\/05\/News-7-2-1024x683.jpg 1024w, https:\/\/www.min-on.org\/fr\/wp-content\/uploads\/sites\/7\/2020\/05\/News-7-2-1080x720.jpg 1080w\" sizes=\"(max-width: 1440px) 100vw, 1440px\" \/><\/p>\n<p>Des repr\u00e9sentants officiels du gouvernement du Royaume de Tha\u00eflande, des conseillers du Minist\u00e8re de la Culture, l\u2019Ambassadeur du Japon en Tha\u00eflande et l\u2019ancien Ministre de la Culture, S.E. M. Vira Rojpojchanarat, assistaient au concert. Ce dernier s\u2019est d\u00e9clar\u00e9 ravi du succ\u00e8s recueilli par le spectacle, ajoutant que \u00ab les relations entre les deux pays, le Japon et la Tha\u00eflande, s\u2019\u00e9taient approfondies \u00bb.<\/p>\n<p>Le deuxi\u00e8me jour, le concert a eu lieu au Th\u00e9\u00e2tre National de Tha\u00eflande \u00e0 Bangkok, et le troisi\u00e8me jour, deux spectacles ont \u00e9t\u00e9 donn\u00e9s au Siam Pic Ganesha. Tous les concerts se sont d\u00e9roul\u00e9s dans des salles presque combles.<\/p>\n<p>Ces concerts, organis\u00e9s dans le cadre de nos actions au service du public, ont \u00e9t\u00e9 rendus possibles gr\u00e2ce au soutien de nos Amis adh\u00e9rents.<\/p>\n<p><img loading=\"lazy\" decoding=\"async\" class=\"alignnone size-full wp-image-8928\" src=\"https:\/\/www.min-on.org\/fr\/wp-content\/uploads\/sites\/7\/2020\/05\/News-7-3.jpg\" alt=\"\" width=\"1440\" height=\"960\" srcset=\"https:\/\/www.min-on.org\/fr\/wp-content\/uploads\/sites\/7\/2020\/05\/News-7-3.jpg 1440w, https:\/\/www.min-on.org\/fr\/wp-content\/uploads\/sites\/7\/2020\/05\/News-7-3-300x200.jpg 300w, https:\/\/www.min-on.org\/fr\/wp-content\/uploads\/sites\/7\/2020\/05\/News-7-3-768x512.jpg 768w, https:\/\/www.min-on.org\/fr\/wp-content\/uploads\/sites\/7\/2020\/05\/News-7-3-1024x683.jpg 1024w, https:\/\/www.min-on.org\/fr\/wp-content\/uploads\/sites\/7\/2020\/05\/News-7-3-1080x720.jpg 1080w\" sizes=\"(max-width: 1440px) 100vw, 1440px\" \/><\/p>\n","protected":false},"excerpt":{"rendered":"<p>Du 12 au 20 octobre 2019, la sixi\u00e8me \u00e9dition du Min-On Global Music Network a \u00e9t\u00e9 organis\u00e9e conjointement par Min-On, le Minist\u00e8re de la Culture de Tha\u00eflande, et l\u2019Ambassade du Japon en Tha\u00eflande<\/p>\n","protected":false},"author":1,"featured_media":8926,"comment_status":"open","ping_status":"open","sticky":false,"template":"","format":"standard","meta":{"_et_pb_use_builder":"","_et_pb_old_content":"","_et_gb_content_width":"","footnotes":""},"categories":[11],"tags":[],"distributor_meta":false,"distributor_terms":false,"distributor_media":false,"distributor_original_site_name":"French - Min-On Website","distributor_original_site_url":"https:\/\/www.min-on.org\/fr","_links":{"self":[{"href":"https:\/\/www.min-on.org\/fr\/wp-json\/wp\/v2\/posts\/8925"}],"collection":[{"href":"https:\/\/www.min-on.org\/fr\/wp-json\/wp\/v2\/posts"}],"about":[{"href":"https:\/\/www.min-on.org\/fr\/wp-json\/wp\/v2\/types\/post"}],"author":[{"embeddable":true,"href":"https:\/\/www.min-on.org\/fr\/wp-json\/wp\/v2\/users\/1"}],"replies":[{"embeddable":true,"href":"https:\/\/www.min-on.org\/fr\/wp-json\/wp\/v2\/comments?post=8925"}],"version-history":[{"count":1,"href":"https:\/\/www.min-on.org\/fr\/wp-json\/wp\/v2\/posts\/8925\/revisions"}],"predecessor-version":[{"id":8929,"href":"https:\/\/www.min-on.org\/fr\/wp-json\/wp\/v2\/posts\/8925\/revisions\/8929"}],"wp:featuredmedia":[{"embeddable":true,"href":"https:\/\/www.min-on.org\/fr\/wp-json\/wp\/v2\/media\/8926"}],"wp:attachment":[{"href":"https:\/\/www.min-on.org\/fr\/wp-json\/wp\/v2\/media?parent=8925"}],"wp:term":[{"taxonomy":"category","embeddable":true,"href":"https:\/\/www.min-on.org\/fr\/wp-json\/wp\/v2\/categories?post=8925"},{"taxonomy":"post_tag","embeddable":true,"href":"https:\/\/www.min-on.org\/fr\/wp-json\/wp\/v2\/tags?post=8925"}],"curies":[{"name":"wp","href":"https:\/\/api.w.org\/{rel}","templated":true}]}}