{"id":8482,"date":"2019-04-23T02:11:47","date_gmt":"2019-04-23T02:11:47","guid":{"rendered":"https:\/\/www.min-on.org\/fr\/?p=8482"},"modified":"2019-07-29T07:12:17","modified_gmt":"2019-07-29T07:12:17","slug":"uno-dos-tres-pancho-amat-exporte-les-sons-vibrants-de-la-musique-cubaine-au-japon","status":"publish","type":"post","link":"https:\/\/www.min-on.org\/fr\/8482\/uno-dos-tres-pancho-amat-exporte-les-sons-vibrants-de-la-musique-cubaine-au-japon\/","title":{"rendered":"Uno, Dos, Tres\u00a0! Pancho Amat exporte les sons vibrants de la musique cubaine au Japon"},"content":{"rendered":"<p><img loading=\"lazy\" decoding=\"async\" class=\"alignnone size-full wp-image-8426\" src=\"https:\/\/www.min-on.org\/fr\/wp-content\/uploads\/sites\/7\/2019\/04\/Pancho-Amat_1.jpg\" alt=\"\" width=\"1440\" height=\"960\" \/><\/p>\n<p>\u00c0 Cuba, la musique fait partie int\u00e9grante du rythme quotidien de la vie, et les  chants et danse spontan\u00e9s et impromptus sont monnaie courante dans les rues.<!--more--><\/p>\n<p>Parmi les contributions apport\u00e9es par cette petite \u00eele aux styles musicaux riches et vari\u00e9s du monde entier, on peut citer le Son, la Trova, la Salsa, la Rumba, le Bol\u00e9ro et le jazz afro-cubain.  Occupant une place aussi importante dans la culture, il n\u2019est gu\u00e8re surprenant que souvent, la musique ait jou\u00e9 aussi un r\u00f4le dans l\u2019arri\u00e8re-plan politique et social du pays.<\/p>\n<p><img loading=\"lazy\" decoding=\"async\" class=\"alignnone size-full wp-image-8423\" src=\"https:\/\/www.min-on.org\/fr\/wp-content\/uploads\/sites\/7\/2019\/04\/Pancho-Amat_2.jpg\" alt=\"\" width=\"1440\" height=\"960\" \/><\/p>\n<p>Pancho Amat est une figure embl\u00e9matique du mouvement musical Nueva Trova des ann\u00e9es 60 et 70 en qualit\u00e9 de membre fondateur du groupe Manguar\u00e9 \u2013 genre musical dont les paroles \u00e9voquaient les changements de grande ampleur survenus \u00e0 Cuba apr\u00e8s la R\u00e9volution de 1959.<\/p>\n<p><img loading=\"lazy\" decoding=\"async\" class=\"alignnone size-full wp-image-8424\" src=\"https:\/\/www.min-on.org\/fr\/wp-content\/uploads\/sites\/7\/2019\/04\/Pancho-Amat_3.jpg\" alt=\"\" width=\"1440\" height=\"960\" \/><\/p>\n<p>Son instrument de pr\u00e9dilection est le \u00ab\u00a0Tres cubain\u00a0\u00bb, un instrument semblable \u00e0 une guitare, dot\u00e9 d\u2019un timbre particulier, plus riche qu\u2019une guitare traditionnelle. <\/p>\n<p>En janvier et f\u00e9vrier, le Japon a eu le privil\u00e8ge d\u2019accueillir une tourn\u00e9e du Pancho Amat Band dans 22 villes de tout l\u2019archipel japonais. Amat \u00e9tait accompagn\u00e9 sur sc\u00e8ne de musiciens cubains de renom, notamment Jorge Reyes, Jos\u00e9 Amat, Antonio Diaz, Angel Lorenzo, Orlando Bernal, ou Rosa Morel.<\/p>\n<p><img loading=\"lazy\" decoding=\"async\" class=\"alignnone size-full wp-image-8425\" src=\"https:\/\/www.min-on.org\/fr\/wp-content\/uploads\/sites\/7\/2019\/04\/Pancho-Amat_4.jpg\" alt=\"\" width=\"1440\" height=\"960\" \/><\/p>\n<p>La grande finale de la tourn\u00e9e, organis\u00e9e au Nakano Sun Plaza, en pr\u00e9sence de S.E. M. Carlos Miguel Pereira, Ambassadeur de la R\u00e9publique de Cuba au Japon, accompagn\u00e9 de diplomates de plusieurs autres pays, couronna cette ann\u00e9e marquant le 90e anniversaire des relations diplomatiques cubano-japonaises, ainsi que le 60e anniversaire de la R\u00e9volution cubaine.<\/p>\n<p><img loading=\"lazy\" decoding=\"async\" class=\"alignnone size-full wp-image-8427\" src=\"https:\/\/www.min-on.org\/fr\/wp-content\/uploads\/sites\/7\/2019\/04\/Pancho-Amat_5.jpg\" alt=\"\" width=\"1440\" height=\"960\" \/><\/p>\n<p>Cette extraordinaire tourn\u00e9e, v\u00e9ritable c\u00e9l\u00e9bration du pouvoir de la musique et de sa capacit\u00e9 \u00e0 donner une voix au peuple quel que soit le contexte politique, a \u00e9galement confirm\u00e9 que la musique relie les individus par-del\u00e0 des fronti\u00e8res. Viva le peuple cubain pour sa fabuleuse contribution \u00e0 la culture musicale mondiale\u00a0!<\/p>\n<p><img loading=\"lazy\" decoding=\"async\" class=\"alignnone size-full wp-image-8428\" src=\"https:\/\/www.min-on.org\/fr\/wp-content\/uploads\/sites\/7\/2019\/04\/Pancho-Amat_6.jpg\" alt=\"\" width=\"1440\" height=\"960\" \/><\/p>\n","protected":false},"excerpt":{"rendered":"<p>\u00c0 Cuba, la musique fait partie int\u00e9grante du rythme quotidien de la vie, et les chants et danse spontan\u00e9s et impromptus sont monnaie courante dans les rues.<\/p>\n","protected":false},"author":1,"featured_media":8525,"comment_status":"open","ping_status":"open","sticky":false,"template":"","format":"standard","meta":{"_et_pb_use_builder":"","_et_pb_old_content":"","_et_gb_content_width":"","footnotes":""},"categories":[219,402,12,11],"tags":[],"distributor_meta":false,"distributor_terms":false,"distributor_media":false,"distributor_original_site_name":"French - Min-On Website","distributor_original_site_url":"https:\/\/www.min-on.org\/fr","_links":{"self":[{"href":"https:\/\/www.min-on.org\/fr\/wp-json\/wp\/v2\/posts\/8482"}],"collection":[{"href":"https:\/\/www.min-on.org\/fr\/wp-json\/wp\/v2\/posts"}],"about":[{"href":"https:\/\/www.min-on.org\/fr\/wp-json\/wp\/v2\/types\/post"}],"author":[{"embeddable":true,"href":"https:\/\/www.min-on.org\/fr\/wp-json\/wp\/v2\/users\/1"}],"replies":[{"embeddable":true,"href":"https:\/\/www.min-on.org\/fr\/wp-json\/wp\/v2\/comments?post=8482"}],"version-history":[{"count":4,"href":"https:\/\/www.min-on.org\/fr\/wp-json\/wp\/v2\/posts\/8482\/revisions"}],"predecessor-version":[{"id":8532,"href":"https:\/\/www.min-on.org\/fr\/wp-json\/wp\/v2\/posts\/8482\/revisions\/8532"}],"wp:featuredmedia":[{"embeddable":true,"href":"https:\/\/www.min-on.org\/fr\/wp-json\/wp\/v2\/media\/8525"}],"wp:attachment":[{"href":"https:\/\/www.min-on.org\/fr\/wp-json\/wp\/v2\/media?parent=8482"}],"wp:term":[{"taxonomy":"category","embeddable":true,"href":"https:\/\/www.min-on.org\/fr\/wp-json\/wp\/v2\/categories?post=8482"},{"taxonomy":"post_tag","embeddable":true,"href":"https:\/\/www.min-on.org\/fr\/wp-json\/wp\/v2\/tags?post=8482"}],"curies":[{"name":"wp","href":"https:\/\/api.w.org\/{rel}","templated":true}]}}