{"id":8468,"date":"2019-04-23T01:48:26","date_gmt":"2019-04-23T01:48:26","guid":{"rendered":"https:\/\/www.min-on.org\/fr\/?p=8468"},"modified":"2019-04-23T03:54:28","modified_gmt":"2019-04-23T03:54:28","slug":"composition-originale-du-plus-grand-pianiste-de-tango-fernando-marzan-dediee-au-fondateur-de-min-on","status":"publish","type":"post","link":"https:\/\/www.min-on.org\/fr\/8468\/composition-originale-du-plus-grand-pianiste-de-tango-fernando-marzan-dediee-au-fondateur-de-min-on\/","title":{"rendered":"Composition originale du plus grand pianiste de tango, Fernando Marzan, d\u00e9di\u00e9e au Fondateur de Min-On"},"content":{"rendered":"<p><img loading=\"lazy\" decoding=\"async\" class=\"alignnone size-full wp-image-8372\" src=\"https:\/\/www.min-on.org\/fr\/wp-content\/uploads\/sites\/7\/2019\/04\/Fernando-Marzan_1.jpg\" alt=\"\" width=\"1440\" height=\"960\" \/><\/p>\n<p>En compagnie de son groupe en tourn\u00e9e au Japon dans le cadre des 50 ans de la S\u00e9rie Tango de Min-On,<!--more--> le c\u00e9l\u00e8bre Fernando Marzan s\u2019est rendu \u00e0 la Maison de la Culture Min-On afin de pr\u00e9senter au Fondateur de Min-On, M. Daisaku Ikeda, une composition originale qu\u2019il lui a d\u00e9di\u00e9e, intitul\u00e9e \u00ab\u00a0Desarraigo\u00a0\u00bb.<\/p>\n<p>Regardez ici la vid\u00e9o de la C\u00e9r\u00e9monie et de la composition originale\u00a0: <a href=\"https:\/\/youtu.be\/diUeNhhi8l4\">https:\/\/youtu.be\/diUeNhhi8l4<\/a><\/p>\n","protected":false},"excerpt":{"rendered":"<p>En compagnie de son groupe en tourn\u00e9e au Japon dans le cadre des 50 ans de la S\u00e9rie Tango de Min-On,<\/p>\n","protected":false},"author":1,"featured_media":8494,"comment_status":"open","ping_status":"open","sticky":false,"template":"","format":"standard","meta":{"_et_pb_use_builder":"","_et_pb_old_content":"","_et_gb_content_width":"","footnotes":""},"categories":[11],"tags":[],"distributor_meta":false,"distributor_terms":false,"distributor_media":false,"distributor_original_site_name":"French - Min-On Website","distributor_original_site_url":"https:\/\/www.min-on.org\/fr","_links":{"self":[{"href":"https:\/\/www.min-on.org\/fr\/wp-json\/wp\/v2\/posts\/8468"}],"collection":[{"href":"https:\/\/www.min-on.org\/fr\/wp-json\/wp\/v2\/posts"}],"about":[{"href":"https:\/\/www.min-on.org\/fr\/wp-json\/wp\/v2\/types\/post"}],"author":[{"embeddable":true,"href":"https:\/\/www.min-on.org\/fr\/wp-json\/wp\/v2\/users\/1"}],"replies":[{"embeddable":true,"href":"https:\/\/www.min-on.org\/fr\/wp-json\/wp\/v2\/comments?post=8468"}],"version-history":[{"count":3,"href":"https:\/\/www.min-on.org\/fr\/wp-json\/wp\/v2\/posts\/8468\/revisions"}],"predecessor-version":[{"id":8538,"href":"https:\/\/www.min-on.org\/fr\/wp-json\/wp\/v2\/posts\/8468\/revisions\/8538"}],"wp:featuredmedia":[{"embeddable":true,"href":"https:\/\/www.min-on.org\/fr\/wp-json\/wp\/v2\/media\/8494"}],"wp:attachment":[{"href":"https:\/\/www.min-on.org\/fr\/wp-json\/wp\/v2\/media?parent=8468"}],"wp:term":[{"taxonomy":"category","embeddable":true,"href":"https:\/\/www.min-on.org\/fr\/wp-json\/wp\/v2\/categories?post=8468"},{"taxonomy":"post_tag","embeddable":true,"href":"https:\/\/www.min-on.org\/fr\/wp-json\/wp\/v2\/tags?post=8468"}],"curies":[{"name":"wp","href":"https:\/\/api.w.org\/{rel}","templated":true}]}}