{"id":8466,"date":"2019-04-23T01:44:53","date_gmt":"2019-04-23T01:44:53","guid":{"rendered":"https:\/\/www.min-on.org\/fr\/?p=8466"},"modified":"2019-04-23T03:55:06","modified_gmt":"2019-04-23T03:55:06","slug":"concert-despoir-pour-tohoku-75e-edition-des-concerts-despoir-pour-tohoku-a-kesennuma-avec-la-chanteuse-ai-kawashima","status":"publish","type":"post","link":"https:\/\/www.min-on.org\/fr\/8466\/concert-despoir-pour-tohoku-75e-edition-des-concerts-despoir-pour-tohoku-a-kesennuma-avec-la-chanteuse-ai-kawashima\/","title":{"rendered":"Concert d\u2019Espoir pour Tohoku \u2013 75e \u00c9dition des Concerts d\u2019Espoir pour Tohoku \u00e0 Kesennuma avec la chanteuse Ai Kawashima"},"content":{"rendered":"<p><img loading=\"lazy\" decoding=\"async\" class=\"alignnone size-full wp-image-8363\" src=\"https:\/\/www.min-on.org\/fr\/wp-content\/uploads\/sites\/7\/2019\/04\/Concert-d\u2019Espoir-pour-Tohoku_1.jpg\" alt=\"\" width=\"1440\" height=\"960\" \/><\/p>\n<p>Dans le cadre d\u2019une s\u00e9rie de concerts consacr\u00e9e plus sp\u00e9cialement \u00e0 insuffler de l\u2019espoir aux enfants des \u00e9coles des r\u00e9gions d\u00e9vast\u00e9es par le Tsunami le 11 mars 2011,<!--more--> la 75e \u00e9dition s\u2019est d\u00e9roul\u00e9e dans un coll\u00e8ge de ce village portuaire de la c\u00f4te de Sanriku, dans la Pr\u00e9fecture de Miyagi, avec la c\u00e9l\u00e8bre auteure-compositrice interpr\u00e8te Ai Kawashima. <\/p>\n<p>Celle-ci a d\u00e9but\u00e9 son concert avec Sora Ha Koko Ni Aru (Le Ciel est Ici), enchainant de sa belle voix limpide des chants porteurs de courage, notamment Mienai Tsubasa (Ailes invisibles) et Daij\u00f4bu Dayo (Tout ira bien), ainsi que l\u2019air pr\u00e9f\u00e9r\u00e9 des coll\u00e9giens et lyc\u00e9ens de tout le Japon pour marquer la c\u00e9r\u00e9monie de fin d\u2019\u00e9tudes : Tabidachi No Hi Ni (Le Jour o\u00f9 nous prenons le d\u00e9part).  <\/p>\n<p>Avec tous les enfants, elle a entonn\u00e9 Santa Claus is Coming to Town et Rudolph the Red-Nosed Reindeer.  <\/p>\n<p>Certains coll\u00e9giens ont \u00e9galement exprim\u00e9 leurs remerciements au nom de leurs camarades, expliquant qu\u2019\u00e9couter en direct les nombreuses chansons qu\u2019ils ont g\u00e9n\u00e9ralement plaisir \u00e0 entendre lorsqu\u2019ils se sentent d\u00e9prim\u00e9s les a apais\u00e9s et leur a redonn\u00e9 courage.<\/p>\n","protected":false},"excerpt":{"rendered":"<p>Dans le cadre d\u2019une s\u00e9rie de concerts consacr\u00e9e plus sp\u00e9cialement \u00e0 insuffler de l\u2019espoir aux enfants des \u00e9coles des r\u00e9gions d\u00e9vast\u00e9es par le Tsunami le 11 mars 2011,<\/p>\n","protected":false},"author":1,"featured_media":8492,"comment_status":"open","ping_status":"open","sticky":false,"template":"","format":"standard","meta":{"_et_pb_use_builder":"","_et_pb_old_content":"","_et_gb_content_width":"","footnotes":""},"categories":[11],"tags":[],"distributor_meta":false,"distributor_terms":false,"distributor_media":false,"distributor_original_site_name":"French - Min-On Website","distributor_original_site_url":"https:\/\/www.min-on.org\/fr","_links":{"self":[{"href":"https:\/\/www.min-on.org\/fr\/wp-json\/wp\/v2\/posts\/8466"}],"collection":[{"href":"https:\/\/www.min-on.org\/fr\/wp-json\/wp\/v2\/posts"}],"about":[{"href":"https:\/\/www.min-on.org\/fr\/wp-json\/wp\/v2\/types\/post"}],"author":[{"embeddable":true,"href":"https:\/\/www.min-on.org\/fr\/wp-json\/wp\/v2\/users\/1"}],"replies":[{"embeddable":true,"href":"https:\/\/www.min-on.org\/fr\/wp-json\/wp\/v2\/comments?post=8466"}],"version-history":[{"count":3,"href":"https:\/\/www.min-on.org\/fr\/wp-json\/wp\/v2\/posts\/8466\/revisions"}],"predecessor-version":[{"id":8539,"href":"https:\/\/www.min-on.org\/fr\/wp-json\/wp\/v2\/posts\/8466\/revisions\/8539"}],"wp:featuredmedia":[{"embeddable":true,"href":"https:\/\/www.min-on.org\/fr\/wp-json\/wp\/v2\/media\/8492"}],"wp:attachment":[{"href":"https:\/\/www.min-on.org\/fr\/wp-json\/wp\/v2\/media?parent=8466"}],"wp:term":[{"taxonomy":"category","embeddable":true,"href":"https:\/\/www.min-on.org\/fr\/wp-json\/wp\/v2\/categories?post=8466"},{"taxonomy":"post_tag","embeddable":true,"href":"https:\/\/www.min-on.org\/fr\/wp-json\/wp\/v2\/tags?post=8466"}],"curies":[{"name":"wp","href":"https:\/\/api.w.org\/{rel}","templated":true}]}}