{"id":8425,"date":"2019-01-08T10:00:55","date_gmt":"2019-01-08T10:00:55","guid":{"rendered":"https:\/\/www.min-on.org\/fr\/?p=8425"},"modified":"2019-01-08T10:02:07","modified_gmt":"2019-01-08T10:02:07","slug":"soiree-culturelle-vibrante-celebrant-le-120e-anniversaire-de-larrivee-des-premiers-immigrants-japonais-a-cuba","status":"publish","type":"post","link":"https:\/\/www.min-on.org\/fr\/8425\/soiree-culturelle-vibrante-celebrant-le-120e-anniversaire-de-larrivee-des-premiers-immigrants-japonais-a-cuba\/","title":{"rendered":"Soir\u00e9e Culturelle Vibrante c\u00e9l\u00e9brant le 120e Anniversaire de l\u2019Arriv\u00e9e des Premiers Immigrants Japonais \u00e0 Cuba"},"content":{"rendered":"<p><img loading=\"lazy\" decoding=\"async\" class=\"alignnone size-full wp-image-8428\" src=\"https:\/\/www.min-on.org\/fr\/wp-content\/uploads\/sites\/7\/2019\/01\/Cuba2.jpg\" alt=\"\" width=\"1440\" height=\"960\" srcset=\"https:\/\/www.min-on.org\/fr\/wp-content\/uploads\/sites\/7\/2019\/01\/Cuba2.jpg 1440w, https:\/\/www.min-on.org\/fr\/wp-content\/uploads\/sites\/7\/2019\/01\/Cuba2-300x200.jpg 300w, https:\/\/www.min-on.org\/fr\/wp-content\/uploads\/sites\/7\/2019\/01\/Cuba2-768x512.jpg 768w, https:\/\/www.min-on.org\/fr\/wp-content\/uploads\/sites\/7\/2019\/01\/Cuba2-1024x683.jpg 1024w, https:\/\/www.min-on.org\/fr\/wp-content\/uploads\/sites\/7\/2019\/01\/Cuba2-1080x720.jpg 1080w\" sizes=\"(max-width: 1440px) 100vw, 1440px\" \/><\/p>\n<p>Le 31 octobre, un concert organis\u00e9 \u00e0 l\u2019initiative conjointe de l\u2019Ambassade de Cuba au Japon et de l\u2019Association des Concerts Min-On<!--more--> a \u00e9t\u00e9 donn\u00e9 en comm\u00e9moration du 120<span style=\"font-size: 70%;\"><sup>e<\/sup><\/span> anniversaire de l\u2019arriv\u00e9e des premiers immigrants japonais \u00e0 Cuba.<\/p>\n<p>Lors de son allocution en pr\u00e9sence de plusieurs ambassadeurs et de nombreux autres coll\u00e8gues diplomates, S.E. M. Carlos Miguel Pereira Hern\u00e1ndez, Ambassadeur de Cuba au Japon, a indiqu\u00e9 que cette manifestation \u00e9tait un pr\u00e9lude aux divers \u00e9v\u00e9nements qui auront lieu pour f\u00eater le 90<span style=\"font-size: 70%;\"><sup>e<\/sup><\/span> anniversaire, en 2019, de l\u2019\u00e9tablissement des liens diplomatiques entre les deux pays.<\/p>\n<p><img loading=\"lazy\" decoding=\"async\" class=\"alignnone size-full wp-image-8426\" src=\"https:\/\/www.min-on.org\/fr\/wp-content\/uploads\/sites\/7\/2019\/01\/Cuba.jpg\" alt=\"\" width=\"1440\" height=\"2160\" srcset=\"https:\/\/www.min-on.org\/fr\/wp-content\/uploads\/sites\/7\/2019\/01\/Cuba.jpg 1440w, https:\/\/www.min-on.org\/fr\/wp-content\/uploads\/sites\/7\/2019\/01\/Cuba-200x300.jpg 200w, https:\/\/www.min-on.org\/fr\/wp-content\/uploads\/sites\/7\/2019\/01\/Cuba-768x1152.jpg 768w, https:\/\/www.min-on.org\/fr\/wp-content\/uploads\/sites\/7\/2019\/01\/Cuba-683x1024.jpg 683w, https:\/\/www.min-on.org\/fr\/wp-content\/uploads\/sites\/7\/2019\/01\/Cuba-1080x1620.jpg 1080w\" sizes=\"(max-width: 1440px) 100vw, 1440px\" \/><\/p>\n<p>M. Keiji Furuya, Pr\u00e9sident de la Ligue parlementaire d\u2019amiti\u00e9 Japon-Cuba, ainsi que M. Kiyoto Tsuji, Ministre adjoint des Affaires \u00c9trang\u00e8res, suivis de M. Kondo, directeur ex\u00e9cutif de Min-On, ont pris la parole. Ce dernier s\u2019est r\u00e9joui par avance des spectacles pr\u00e9vus au Japon en 2019 par \u00ab Pancho Amat \u00bb (gr\u00e2ce au soutien de l\u2019Ambassade de Cuba) pour comm\u00e9morer \u00e0 la fois le 60<span style=\"font-size: 70%;\"><sup>e<\/sup><\/span> anniversaire de la lib\u00e9ration de Cuba ainsi que les 120 ans d\u2019existence des liens diplomatiques. Revenant sur la rencontre entre le fondateur de Min-On, le Dr. Daisaku Ikeda, et l\u2019ancien Pr\u00e9sident de Cuba, Fidel Castro, il a fait observer que les deux hommes avaient d\u00e9ploy\u00e9 des efforts comparables en faveur des mouvements culturels.<\/p>\n<p><img loading=\"lazy\" decoding=\"async\" class=\"alignnone size-full wp-image-8427\" src=\"https:\/\/www.min-on.org\/fr\/wp-content\/uploads\/sites\/7\/2019\/01\/Cuba1.jpg\" alt=\"\" width=\"1440\" height=\"960\" srcset=\"https:\/\/www.min-on.org\/fr\/wp-content\/uploads\/sites\/7\/2019\/01\/Cuba1.jpg 1440w, https:\/\/www.min-on.org\/fr\/wp-content\/uploads\/sites\/7\/2019\/01\/Cuba1-300x200.jpg 300w, https:\/\/www.min-on.org\/fr\/wp-content\/uploads\/sites\/7\/2019\/01\/Cuba1-768x512.jpg 768w, https:\/\/www.min-on.org\/fr\/wp-content\/uploads\/sites\/7\/2019\/01\/Cuba1-1024x683.jpg 1024w, https:\/\/www.min-on.org\/fr\/wp-content\/uploads\/sites\/7\/2019\/01\/Cuba1-1080x720.jpg 1080w\" sizes=\"(max-width: 1440px) 100vw, 1440px\" \/><\/p>\n<p>La soir\u00e9e s\u2019est achev\u00e9e sur une double prestation d\u2019Antonio Koga et du groupe populaire \u00ab Alexander LP y Puros Habanos \u00bb, qui ont ravi l\u2019auditoire avec leur m\u00e9lodies et rythmes entra\u00eenants.<\/p>\n","protected":false},"excerpt":{"rendered":"<p>Le 31 octobre, un concert organis\u00e9 \u00e0 l\u2019initiative conjointe de l\u2019Ambassade de Cuba au Japon et de l\u2019Association des Concerts Min-On<\/p>\n","protected":false},"author":1,"featured_media":8428,"comment_status":"open","ping_status":"open","sticky":false,"template":"","format":"standard","meta":{"_et_pb_use_builder":"","_et_pb_old_content":"","_et_gb_content_width":"","footnotes":""},"categories":[405,402,11],"tags":[],"distributor_meta":false,"distributor_terms":false,"distributor_media":false,"distributor_original_site_name":"French - Min-On Website","distributor_original_site_url":"https:\/\/www.min-on.org\/fr","_links":{"self":[{"href":"https:\/\/www.min-on.org\/fr\/wp-json\/wp\/v2\/posts\/8425"}],"collection":[{"href":"https:\/\/www.min-on.org\/fr\/wp-json\/wp\/v2\/posts"}],"about":[{"href":"https:\/\/www.min-on.org\/fr\/wp-json\/wp\/v2\/types\/post"}],"author":[{"embeddable":true,"href":"https:\/\/www.min-on.org\/fr\/wp-json\/wp\/v2\/users\/1"}],"replies":[{"embeddable":true,"href":"https:\/\/www.min-on.org\/fr\/wp-json\/wp\/v2\/comments?post=8425"}],"version-history":[{"count":3,"href":"https:\/\/www.min-on.org\/fr\/wp-json\/wp\/v2\/posts\/8425\/revisions"}],"predecessor-version":[{"id":8431,"href":"https:\/\/www.min-on.org\/fr\/wp-json\/wp\/v2\/posts\/8425\/revisions\/8431"}],"wp:featuredmedia":[{"embeddable":true,"href":"https:\/\/www.min-on.org\/fr\/wp-json\/wp\/v2\/media\/8428"}],"wp:attachment":[{"href":"https:\/\/www.min-on.org\/fr\/wp-json\/wp\/v2\/media?parent=8425"}],"wp:term":[{"taxonomy":"category","embeddable":true,"href":"https:\/\/www.min-on.org\/fr\/wp-json\/wp\/v2\/categories?post=8425"},{"taxonomy":"post_tag","embeddable":true,"href":"https:\/\/www.min-on.org\/fr\/wp-json\/wp\/v2\/tags?post=8425"}],"curies":[{"name":"wp","href":"https:\/\/api.w.org\/{rel}","templated":true}]}}