{"id":15066,"date":"2026-09-01T01:18:22","date_gmt":"2026-09-01T01:18:22","guid":{"rendered":"https:\/\/www.min-on.org\/fr\/?p=15066"},"modified":"2026-09-01T01:18:22","modified_gmt":"2026-09-01T01:18:22","slug":"lambassadeur-de-la-pologne-au-japon-visite-le-centre-culturel-min-on","status":"publish","type":"post","link":"https:\/\/www.min-on.org\/fr\/15066\/lambassadeur-de-la-pologne-au-japon-visite-le-centre-culturel-min-on\/","title":{"rendered":"L\u2019ambassadeur de la Pologne au Japon visite le centre culturel Min-On"},"content":{"rendered":"<p>Le 19 ao\u00fbt 2026, S.E. M. Pawel Milewski, ambassadeur extraord\u00a0\u00bbinaire et pl\u00e9nipotentiaire de la R\u00e9publique de Pologne au Japon, s\u2019est rendu au centre culturel Min-On<!--more--> pour faire ses adieux avant la fin de son mandat au Japon. Il a \u00e9t\u00e9 accueilli par le pr\u00e9sident de Min-On, Koji Yamaguchi.<\/p>\n<p><img loading=\"lazy\" decoding=\"async\" class=\"alignnone size-full wp-image-19095\" src=\"https:\/\/www.min-on.org\/wp-content\/uploads\/2026\/08\/1_Poland.jpg\" alt=\"\" width=\"1800\" height=\"1350\" \/><\/p>\n<p>Au cours de cette rencontre, l\u2019ambassadeur Milewski est revenu sur ses pr\u00e8s de sept ann\u00e9es pass\u00e9es au Japon et a salu\u00e9 les efforts d\u00e9ploy\u00e9s par Min-On pour faire d\u00e9couvrir la musique et la culture polonaises au public japonais et contribuer aux \u00e9changes culturels entre les deux pays.<\/p>\n<p>Il a \u00e9galement \u00e9voqu\u00e9 la philosophie fondatrice de Min-On, qui souligne que la beaut\u00e9 de la musique relie les gens et les rassemble, et a fait part de son appr\u00e9ciation renouvel\u00e9e pour le pouvoir et l\u2019importance de la musique.<\/p>\n<p><img loading=\"lazy\" decoding=\"async\" class=\"alignnone size-full wp-image-19096\" src=\"https:\/\/www.min-on.org\/wp-content\/uploads\/2026\/08\/2_Poland.jpg\" alt=\"\" width=\"1200\" height=\"901\" \/><\/p>\n<p>L\u2019ambassadeur Milewski a en outre exprim\u00e9 sa volont\u00e9 de continuer \u00e0 contribuer aux \u00e9changes entre le Japon et la Pologne par le biais de la culture, des arts et de l\u2019\u00e9ducation. Il a \u00e9galement exprim\u00e9 le souhait que Min-On continue \u00e0 promouvoir les \u00e9changes culturels avec les pays du monde entier.<\/p>\n","protected":false},"excerpt":{"rendered":"<p>Le 19 ao\u00fbt 2026, S.E. M. Pawel Milewski, ambassadeur extraord\u00a0\u00bbinaire et pl\u00e9nipotentiaire de la R\u00e9publique de Pologne au Japon, s\u2019est rendu au centre culturel Min-On<\/p>\n","protected":false},"author":1,"featured_media":15067,"comment_status":"open","ping_status":"open","sticky":false,"template":"","format":"standard","meta":{"_et_pb_use_builder":"","_et_pb_old_content":"","_et_gb_content_width":"","footnotes":""},"categories":[11,400],"tags":[89],"distributor_meta":false,"distributor_terms":false,"distributor_media":false,"distributor_original_site_name":"French - Min-On Website","distributor_original_site_url":"https:\/\/www.min-on.org\/fr","_links":{"self":[{"href":"https:\/\/www.min-on.org\/fr\/wp-json\/wp\/v2\/posts\/15066"}],"collection":[{"href":"https:\/\/www.min-on.org\/fr\/wp-json\/wp\/v2\/posts"}],"about":[{"href":"https:\/\/www.min-on.org\/fr\/wp-json\/wp\/v2\/types\/post"}],"author":[{"embeddable":true,"href":"https:\/\/www.min-on.org\/fr\/wp-json\/wp\/v2\/users\/1"}],"replies":[{"embeddable":true,"href":"https:\/\/www.min-on.org\/fr\/wp-json\/wp\/v2\/comments?post=15066"}],"version-history":[{"count":1,"href":"https:\/\/www.min-on.org\/fr\/wp-json\/wp\/v2\/posts\/15066\/revisions"}],"predecessor-version":[{"id":15068,"href":"https:\/\/www.min-on.org\/fr\/wp-json\/wp\/v2\/posts\/15066\/revisions\/15068"}],"wp:featuredmedia":[{"embeddable":true,"href":"https:\/\/www.min-on.org\/fr\/wp-json\/wp\/v2\/media\/15067"}],"wp:attachment":[{"href":"https:\/\/www.min-on.org\/fr\/wp-json\/wp\/v2\/media?parent=15066"}],"wp:term":[{"taxonomy":"category","embeddable":true,"href":"https:\/\/www.min-on.org\/fr\/wp-json\/wp\/v2\/categories?post=15066"},{"taxonomy":"post_tag","embeddable":true,"href":"https:\/\/www.min-on.org\/fr\/wp-json\/wp\/v2\/tags?post=15066"}],"curies":[{"name":"wp","href":"https:\/\/api.w.org\/{rel}","templated":true}]}}