{"id":15063,"date":"2026-09-01T01:05:18","date_gmt":"2026-09-01T01:05:18","guid":{"rendered":"https:\/\/www.min-on.org\/fr\/?p=15063"},"modified":"2026-09-01T01:05:18","modified_gmt":"2026-09-01T01:05:18","slug":"conference-culturelle-white-hands-chorus-la-musique-un-lien-vers-notre-avenir-evenement-organise-a-yame-dans-la-prefecture-de-fukuoka","status":"publish","type":"post","link":"https:\/\/www.min-on.org\/fr\/15063\/conference-culturelle-white-hands-chorus-la-musique-un-lien-vers-notre-avenir-evenement-organise-a-yame-dans-la-prefecture-de-fukuoka\/","title":{"rendered":"Conf\u00e9rence culturelle \u00ab White Hands Chorus : La musique, un lien vers notre avenir \u00bb : \u00e9v\u00e9nement organis\u00e9 \u00e0 Yame, dans la pr\u00e9fecture de Fukuoka"},"content":{"rendered":"<p>Le 25 juillet 2026, environ 750 personnes se sont rassembl\u00e9es \u00e0 l&rsquo;Orinasu Yame, la salle municipale de Yame, dans la pr\u00e9fecture de Fukuoka, \u00e0 l&rsquo;occasion d&rsquo;une conf\u00e9rence culturelle intitul\u00e9e \u00ab White Hands Chorus : La musique, un lien vers notre avenir. \u00bb<!--more--><\/p>\n<p><img loading=\"lazy\" decoding=\"async\" class=\"alignnone size-full wp-image-19084\" src=\"https:\/\/www.min-on.org\/wp-content\/uploads\/2026\/08\/1_\u30db\u30ef\u30a4\u30c8\u30cf\u30f3\u30c8\u3099.jpg\" alt=\"\" width=\"1800\" height=\"1350\" \/><\/p>\n<p>Cette conf\u00e9rence a mis \u00e0 l&rsquo;honneur la soprano Mme Erika Colon, directrice repr\u00e9sentante d&rsquo;El Sistema Connect Japan et directrice artistique du White Hand Chorus NIPPON, qui a pr\u00e9sent\u00e9 l&rsquo;histoire et la vision de cet ensemble \u00e0 travers des vid\u00e9os et des photographies.<\/p>\n<p>Le discours d&rsquo;ouverture a \u00e9t\u00e9 prononc\u00e9 au nom du maire Yutaro Minohara par l&rsquo;adjoint au maire Ryoichi Hara, suivi d&rsquo;une allocution de Son Excellence M. Seiko Luis Ishikawa Kobayashi, ambassadeur extraordinaire et pl\u00e9nipotentiaire de la R\u00e9publique bolivarienne du Venezuela au Japon, qui a exprim\u00e9 sa gratitude pour le soutien apport\u00e9 par le Japon \u00e0 la suite du tremblement de terre d\u00e9vastateur qui a frapp\u00e9 le Venezuela.<\/p>\n<p><img loading=\"lazy\" decoding=\"async\" class=\"alignnone size-full wp-image-19085\" src=\"https:\/\/www.min-on.org\/wp-content\/uploads\/2026\/08\/2_\u30db\u30ef\u30a4\u30c8\u30cf\u30f3\u30c8\u3099.jpg\" alt=\"\" width=\"1800\" height=\"1350\" \/><\/p>\n<p>Le White Hand Chorus NIPPON est une chorale ouverte \u00e0 tous, au sein de laquelle des enfants aux aptitudes diverses \u2014 qu\u2019ils soient en situation de handicap ou non \u2014 font de la musique ensemble. Cet ensemble est compos\u00e9 d&rsquo;une \u00e9quipe gestuelle, qui interpr\u00e8te des chansons \u00e0 l&rsquo;aide de signes, et d&rsquo;une \u00e9quipe vocale ; il fonctionne selon la philosophie d&rsquo;El Sistema, le mouvement musical social v\u00e9n\u00e9zu\u00e9lien.<\/p>\n<p>Le White Hand Chorus NIPPON est une chorale inclusive au sein de laquelle des enfants aux aptitudes diverses, qu\u2019ils soient en situation de handicap ou non, font de la musique ensemble. Cet ensemble se compose d&rsquo;une \u00e9quipe gestuelle, dont les membres interpr\u00e8tent des chansons en langue des signes, et d&rsquo;une \u00e9quipe vocale ; il s&rsquo;inspire de la philosophie d&rsquo;El Sistema, ce mouvement musical social v\u00e9n\u00e9zu\u00e9lien de renomm\u00e9e internationale.<\/p>\n<p><img loading=\"lazy\" decoding=\"async\" class=\"alignnone size-full wp-image-19086\" src=\"https:\/\/www.min-on.org\/wp-content\/uploads\/2026\/08\/3_\u30db\u30ef\u30a4\u30c8\u30cf\u30f3\u30c8\u3099.jpg\" alt=\"\" width=\"1800\" height=\"1350\" \/><\/p>\n<p>Au cours de sa conf\u00e9rence, Mme Colon a pr\u00e9sent\u00e9 les activit\u00e9s de la chorale \u2014 depuis ses repr\u00e9sentations au Conseil municipal de Kyoto jusqu\u2019\u00e0 sa participation au Beethovenfest de Bonn, en Allemagne, en passant par une interpr\u00e9tation de la Symphonie n\u00b0 9 de Beethoven, \u00ab L\u2019Ode \u00e0 la joie \u00bb, \u00e0 l\u2019Office des Nations Unies \u00e0 Vienne. Elle a identifi\u00e9 trois forces au c\u0153ur de cette d\u00e9marche : L&rsquo;imagination (la capacit\u00e9 \u00e0 se repr\u00e9senter la souffrance d&rsquo;autrui), la cr\u00e9ation (le pouvoir de surmonter les obstacles gr\u00e2ce \u00e0 la cr\u00e9ativit\u00e9) et l&rsquo;innovation (la capacit\u00e9 \u00e0 inspirer et \u00e0 \u00e9mouvoir les gens). Tout au long de son intervention, elle a insist\u00e9 sur l&rsquo;importance de b\u00e2tir une soci\u00e9t\u00e9 o\u00f9 les diff\u00e9rences sont accept\u00e9es et o\u00f9 chacun peut se sentir valoris\u00e9 tel qu&rsquo;il est.<\/p>\n<p><img loading=\"lazy\" decoding=\"async\" class=\"alignnone size-full wp-image-19087\" src=\"https:\/\/www.min-on.org\/wp-content\/uploads\/2026\/08\/4_\u30db\u30ef\u30a4\u30c8\u30cf\u30f3\u30c8\u3099.jpg\" alt=\"\" width=\"1800\" height=\"1350\" \/><\/p>\n<p>Elle a d\u00e9crit les gants blancs port\u00e9s par l\u2019\u00e9quipe gestuelle comme \u00ab un nouvel instrument de musique et un symbole de joie et d&rsquo;inclusion \u00bb. Elle a expliqu\u00e9 qu&rsquo;ils symbolisent le partage du bonheur de chacun et nous rappellent que ce sont les enfants d&rsquo;aujourd&rsquo;hui qui fa\u00e7onneront la soci\u00e9t\u00e9 de demain. Elle a ajout\u00e9 que la musique avait le pouvoir de transcender les barri\u00e8res invisibles qui s\u00e9parent les gens et de contribuer \u00e0 cr\u00e9er une soci\u00e9t\u00e9 o\u00f9 chacun peut s&rsquo;exprimer librement.<\/p>\n<p>La conf\u00e9rence s&rsquo;est termin\u00e9e par l&rsquo;interpr\u00e9tation par l&rsquo;ensemble du public, de \u00ab Hana wa Saku \u00bb (Les fleurs s&rsquo;\u00e9panouiront) \u00e0 l&rsquo;aide de signes gestuels. Cette chanson a \u00e9t\u00e9 arrang\u00e9e pour transmettre un message d&rsquo;encouragement du Venezuela \u2014 berceau d&rsquo;El Sistema \u2014 au peuple japonais, qui se remet du grand s\u00e9isme de l&rsquo;Est du Japon. Alors que le public suivait \u00e0 l&rsquo;unisson les gestes de Mme Colon, la salle \u00e9tait remplie de sourires.<\/p>\n<p><img loading=\"lazy\" decoding=\"async\" class=\"alignnone size-full wp-image-19088\" src=\"https:\/\/www.min-on.org\/wp-content\/uploads\/2026\/08\/5_\u30db\u30ef\u30a4\u30c8\u30cf\u30f3\u30c8\u3099.jpg\" alt=\"\" width=\"1800\" height=\"1284\" \/><\/p>\n<p>Retours des participants\u00a0:<\/p>\n<p>\u00ab Je suis malentendante, et cette exp\u00e9rience m\u2019a donn\u00e9 envie de chanter en utilisant la langue des signes et de ressentir la musique afin de rassembler les gens et de faire tomber les barri\u00e8res. J&rsquo;esp\u00e8re que nous pourrons b\u00e2tir une soci\u00e9t\u00e9 o\u00f9 nous r\u00e9fl\u00e9chirons ensemble \u00e0 l&rsquo;avenir des enfants, plut\u00f4t que d&rsquo;avoir des pr\u00e9jug\u00e9s les uns envers les autres. \u00bb<\/p>\n<p>\u00ab Voir les enfants dans ces vid\u00e9os sourire et respecter la singularit\u00e9 de chacun tout en cr\u00e9ant ensemble une harmonie m&rsquo;a profond\u00e9ment \u00e9mu. Cela m&rsquo;a rappel\u00e9 \u00e0 quel point il est important d&rsquo;accepter nos diff\u00e9rences, et j&rsquo;esp\u00e8re que ce travail continuera \u00e0 prendre de l&rsquo;ampleur. \u00bb<\/p>\n<p>\u00ab C&rsquo;\u00e9tait la premi\u00e8re fois que j&rsquo;entendais parler du White Hands Chorus, et cela m&rsquo;a permis de prendre concr\u00e8tement conscience du pouvoir qu&rsquo;ont la musique et les liens humains pour changer la soci\u00e9t\u00e9. \u00ab Quelque chose s\u2019est \u00e9veill\u00e9 en moi \u2014 et le fait de m\u2019\u00eatre jointe \u00e0 tout le monde dans la salle pour chanter <em>Hana wa Saku<\/em> en accompagnant les paroles de signes \u00e0 la fin, est un souvenir que je garderai \u00e0 jamais. \u00bb<\/p>\n<p>Ce programme a pu voir le jour gr\u00e2ce au g\u00e9n\u00e9reux soutien des membres bienfaiteurs de Min-On, \u00e0 qui nous adressons nos sinc\u00e8res remerciements.<\/p>\n","protected":false},"excerpt":{"rendered":"<p>Le 25 juillet 2026, environ 750 personnes se sont rassembl\u00e9es \u00e0 l&rsquo;Orinasu Yame, la salle municipale de Yame, dans la pr\u00e9fecture de Fukuoka, \u00e0 l&rsquo;occasion d&rsquo;une conf\u00e9rence culturelle intitul\u00e9e \u00ab White Hands Chorus : La musique, un lien vers notre avenir. \u00bb<\/p>\n","protected":false},"author":1,"featured_media":15064,"comment_status":"open","ping_status":"open","sticky":false,"template":"","format":"standard","meta":{"_et_pb_use_builder":"","_et_pb_old_content":"","_et_gb_content_width":"","footnotes":""},"categories":[456,11],"tags":[153],"distributor_meta":false,"distributor_terms":false,"distributor_media":false,"distributor_original_site_name":"French - Min-On Website","distributor_original_site_url":"https:\/\/www.min-on.org\/fr","_links":{"self":[{"href":"https:\/\/www.min-on.org\/fr\/wp-json\/wp\/v2\/posts\/15063"}],"collection":[{"href":"https:\/\/www.min-on.org\/fr\/wp-json\/wp\/v2\/posts"}],"about":[{"href":"https:\/\/www.min-on.org\/fr\/wp-json\/wp\/v2\/types\/post"}],"author":[{"embeddable":true,"href":"https:\/\/www.min-on.org\/fr\/wp-json\/wp\/v2\/users\/1"}],"replies":[{"embeddable":true,"href":"https:\/\/www.min-on.org\/fr\/wp-json\/wp\/v2\/comments?post=15063"}],"version-history":[{"count":1,"href":"https:\/\/www.min-on.org\/fr\/wp-json\/wp\/v2\/posts\/15063\/revisions"}],"predecessor-version":[{"id":15065,"href":"https:\/\/www.min-on.org\/fr\/wp-json\/wp\/v2\/posts\/15063\/revisions\/15065"}],"wp:featuredmedia":[{"embeddable":true,"href":"https:\/\/www.min-on.org\/fr\/wp-json\/wp\/v2\/media\/15064"}],"wp:attachment":[{"href":"https:\/\/www.min-on.org\/fr\/wp-json\/wp\/v2\/media?parent=15063"}],"wp:term":[{"taxonomy":"category","embeddable":true,"href":"https:\/\/www.min-on.org\/fr\/wp-json\/wp\/v2\/categories?post=15063"},{"taxonomy":"post_tag","embeddable":true,"href":"https:\/\/www.min-on.org\/fr\/wp-json\/wp\/v2\/tags?post=15063"}],"curies":[{"name":"wp","href":"https:\/\/api.w.org\/{rel}","templated":true}]}}