{"id":14895,"date":"2026-04-30T07:49:53","date_gmt":"2026-04-30T07:49:53","guid":{"rendered":"https:\/\/www.min-on.org\/fr\/?p=14895"},"modified":"2026-04-30T07:49:53","modified_gmt":"2026-04-30T07:49:53","slug":"lambassadeur-degypte-rend-une-visite-de-courtoisie-a-min-on","status":"publish","type":"post","link":"https:\/\/www.min-on.org\/fr\/14895\/lambassadeur-degypte-rend-une-visite-de-courtoisie-a-min-on\/","title":{"rendered":"L\u2019ambassadeur d\u2019\u00c9gypte rend une visite de courtoisie \u00e0 Min-On"},"content":{"rendered":"<p>Le 17 avril 2026, S.E. M. Ragui Mohamed Mohamed Eletreby, ambassadeur extraordinaire et pl\u00e9nipotentiaire de la R\u00e9publique arabe d&rsquo;\u00c9gypte au Japon, s\u2019est rendu<!--more--> au centre culturel Min-On, accompagn\u00e9 de Mme Inas Taha, deuxi\u00e8me secr\u00e9taire de l\u2019ambassade au Japon. L\u2019ambassadeur Eletreby et la secr\u00e9taire ont \u00e9t\u00e9 accueillis par le pr\u00e9sident de Min-On, M. Yamaguchi, ainsi que par d\u2019autres repr\u00e9sentants.<\/p>\n<p><img loading=\"lazy\" decoding=\"async\" class=\"alignnone size-full wp-image-14896\" src=\"https:\/\/www.min-on.org\/fr\/wp-content\/uploads\/sites\/7\/2026\/04\/1_egypt.jpg\" alt=\"\" width=\"1800\" height=\"1200\" srcset=\"https:\/\/www.min-on.org\/fr\/wp-content\/uploads\/sites\/7\/2026\/04\/1_egypt.jpg 1800w, https:\/\/www.min-on.org\/fr\/wp-content\/uploads\/sites\/7\/2026\/04\/1_egypt-1280x853.jpg 1280w, https:\/\/www.min-on.org\/fr\/wp-content\/uploads\/sites\/7\/2026\/04\/1_egypt-980x653.jpg 980w, https:\/\/www.min-on.org\/fr\/wp-content\/uploads\/sites\/7\/2026\/04\/1_egypt-480x320.jpg 480w\" sizes=\"(min-width: 0px) and (max-width: 480px) 480px, (min-width: 481px) and (max-width: 980px) 980px, (min-width: 981px) and (max-width: 1280px) 1280px, (min-width: 1281px) 1800px, 100vw\" \/><\/p>\n<p>Au cours de la rencontre, l\u2019ambassadeur a soulign\u00e9 le r\u00f4le important de la culture dans le renforcement du partenariat de longue date entre les deux pays. Il a \u00e9galement fait part de son intention de collaborer avec Min-On afin de favoriser davantage les \u00e9changes culturels \u00e0 l\u2019avenir.<\/p>\n<p><img loading=\"lazy\" decoding=\"async\" class=\"alignnone size-full wp-image-14897\" src=\"https:\/\/www.min-on.org\/fr\/wp-content\/uploads\/sites\/7\/2026\/04\/2_egypt.jpg\" alt=\"\" width=\"1800\" height=\"1200\" srcset=\"https:\/\/www.min-on.org\/fr\/wp-content\/uploads\/sites\/7\/2026\/04\/2_egypt.jpg 1800w, https:\/\/www.min-on.org\/fr\/wp-content\/uploads\/sites\/7\/2026\/04\/2_egypt-1280x853.jpg 1280w, https:\/\/www.min-on.org\/fr\/wp-content\/uploads\/sites\/7\/2026\/04\/2_egypt-980x653.jpg 980w, https:\/\/www.min-on.org\/fr\/wp-content\/uploads\/sites\/7\/2026\/04\/2_egypt-480x320.jpg 480w\" sizes=\"(min-width: 0px) and (max-width: 480px) 480px, (min-width: 481px) and (max-width: 980px) 980px, (min-width: 981px) and (max-width: 1280px) 1280px, (min-width: 1281px) 1800px, 100vw\" \/><\/p>\n<p>\u00c0 l\u2019issue de la r\u00e9union, les invit\u00e9s ont visit\u00e9 l\u2019exposition consacr\u00e9e aux pianos classiques du mus\u00e9e de la musique Min-On.<\/p>\n<p><img loading=\"lazy\" decoding=\"async\" class=\"alignnone size-full wp-image-14898\" src=\"https:\/\/www.min-on.org\/fr\/wp-content\/uploads\/sites\/7\/2026\/04\/3_egypt.jpg\" alt=\"\" width=\"1800\" height=\"1218\" srcset=\"https:\/\/www.min-on.org\/fr\/wp-content\/uploads\/sites\/7\/2026\/04\/3_egypt.jpg 1800w, https:\/\/www.min-on.org\/fr\/wp-content\/uploads\/sites\/7\/2026\/04\/3_egypt-1280x866.jpg 1280w, https:\/\/www.min-on.org\/fr\/wp-content\/uploads\/sites\/7\/2026\/04\/3_egypt-980x663.jpg 980w, https:\/\/www.min-on.org\/fr\/wp-content\/uploads\/sites\/7\/2026\/04\/3_egypt-480x325.jpg 480w\" sizes=\"(min-width: 0px) and (max-width: 480px) 480px, (min-width: 481px) and (max-width: 980px) 980px, (min-width: 981px) and (max-width: 1280px) 1280px, (min-width: 1281px) 1800px, 100vw\" \/><\/p>\n","protected":false},"excerpt":{"rendered":"<p>Le 17 avril 2026, S.E. M. Ragui Mohamed Mohamed Eletreby, ambassadeur extraordinaire et pl\u00e9nipotentiaire de la R\u00e9publique arabe d&rsquo;\u00c9gypte au Japon, s\u2019est rendu<\/p>\n","protected":false},"author":1,"featured_media":14896,"comment_status":"open","ping_status":"open","sticky":false,"template":"","format":"standard","meta":{"_et_pb_use_builder":"","_et_pb_old_content":"","_et_gb_content_width":"","footnotes":""},"categories":[400],"tags":[104],"distributor_meta":false,"distributor_terms":false,"distributor_media":false,"distributor_original_site_name":"French - Min-On Website","distributor_original_site_url":"https:\/\/www.min-on.org\/fr","_links":{"self":[{"href":"https:\/\/www.min-on.org\/fr\/wp-json\/wp\/v2\/posts\/14895"}],"collection":[{"href":"https:\/\/www.min-on.org\/fr\/wp-json\/wp\/v2\/posts"}],"about":[{"href":"https:\/\/www.min-on.org\/fr\/wp-json\/wp\/v2\/types\/post"}],"author":[{"embeddable":true,"href":"https:\/\/www.min-on.org\/fr\/wp-json\/wp\/v2\/users\/1"}],"replies":[{"embeddable":true,"href":"https:\/\/www.min-on.org\/fr\/wp-json\/wp\/v2\/comments?post=14895"}],"version-history":[{"count":1,"href":"https:\/\/www.min-on.org\/fr\/wp-json\/wp\/v2\/posts\/14895\/revisions"}],"predecessor-version":[{"id":14899,"href":"https:\/\/www.min-on.org\/fr\/wp-json\/wp\/v2\/posts\/14895\/revisions\/14899"}],"wp:featuredmedia":[{"embeddable":true,"href":"https:\/\/www.min-on.org\/fr\/wp-json\/wp\/v2\/media\/14896"}],"wp:attachment":[{"href":"https:\/\/www.min-on.org\/fr\/wp-json\/wp\/v2\/media?parent=14895"}],"wp:term":[{"taxonomy":"category","embeddable":true,"href":"https:\/\/www.min-on.org\/fr\/wp-json\/wp\/v2\/categories?post=14895"},{"taxonomy":"post_tag","embeddable":true,"href":"https:\/\/www.min-on.org\/fr\/wp-json\/wp\/v2\/tags?post=14895"}],"curies":[{"name":"wp","href":"https:\/\/api.w.org\/{rel}","templated":true}]}}