{"id":14893,"date":"2026-04-30T07:40:50","date_gmt":"2026-04-30T07:40:50","guid":{"rendered":"https:\/\/www.min-on.org\/fr\/?p=14893"},"modified":"2026-04-30T07:40:50","modified_gmt":"2026-04-30T07:40:50","slug":"lambassadeur-de-la-republique-kirghize-au-japon-rend-visite-a-min-on","status":"publish","type":"post","link":"https:\/\/www.min-on.org\/fr\/14893\/lambassadeur-de-la-republique-kirghize-au-japon-rend-visite-a-min-on\/","title":{"rendered":"L\u2019ambassadeur de la R\u00e9publique kirghize au Japon rend visite \u00e0 Min-On"},"content":{"rendered":"<p>Le 15 avril 2026, S.E. M. Erkinbek Osoev, ambassadeur extraordinaire et pl\u00e9nipotentiaire de la R\u00e9publique kirghize au Japon, s\u2019est rendu<!--more--> au centre culturel Min-On, accompagn\u00e9 de son \u00e9pouse, Mme Dzhamilia Soltobaeva, et de Mme Altynai Alagusheva, troisi\u00e8me secr\u00e9taire de l\u2019ambassade au Japon. L\u2019ambassadeur Osoev et sa d\u00e9l\u00e9gation ont \u00e9t\u00e9 accueillis par le pr\u00e9sident de Min-On, M. Yamaguchi, ainsi que par d\u2019autres repr\u00e9sentants.<\/p>\n<p><img loading=\"lazy\" decoding=\"async\" class=\"alignnone size-full wp-image-14890\" src=\"https:\/\/www.min-on.org\/fr\/wp-content\/uploads\/sites\/7\/2026\/04\/\u2460_Kyrgyz.jpg\" alt=\"\" width=\"1800\" height=\"1200\" srcset=\"https:\/\/www.min-on.org\/fr\/wp-content\/uploads\/sites\/7\/2026\/04\/\u2460_Kyrgyz.jpg 1800w, https:\/\/www.min-on.org\/fr\/wp-content\/uploads\/sites\/7\/2026\/04\/\u2460_Kyrgyz-300x200.jpg 300w, https:\/\/www.min-on.org\/fr\/wp-content\/uploads\/sites\/7\/2026\/04\/\u2460_Kyrgyz-1024x683.jpg 1024w, https:\/\/www.min-on.org\/fr\/wp-content\/uploads\/sites\/7\/2026\/04\/\u2460_Kyrgyz-768x512.jpg 768w, https:\/\/www.min-on.org\/fr\/wp-content\/uploads\/sites\/7\/2026\/04\/\u2460_Kyrgyz-1536x1024.jpg 1536w, https:\/\/www.min-on.org\/fr\/wp-content\/uploads\/sites\/7\/2026\/04\/\u2460_Kyrgyz-1080x720.jpg 1080w, https:\/\/www.min-on.org\/fr\/wp-content\/uploads\/sites\/7\/2026\/04\/\u2460_Kyrgyz-1280x853.jpg 1280w, https:\/\/www.min-on.org\/fr\/wp-content\/uploads\/sites\/7\/2026\/04\/\u2460_Kyrgyz-980x653.jpg 980w, https:\/\/www.min-on.org\/fr\/wp-content\/uploads\/sites\/7\/2026\/04\/\u2460_Kyrgyz-480x320.jpg 480w\" sizes=\"(max-width: 1800px) 100vw, 1800px\" \/><\/p>\n<p>Au cours de la rencontre, l\u2019ambassadeur Osoev a soulign\u00e9 le pouvoir de la musique de rassembler les gens et de favoriser la compr\u00e9hension mutuelle. L\u2019ambassadeur a \u00e9galement remarqu\u00e9 que le chant et la musique font partie int\u00e9grante de la vie quotidienne en R\u00e9publique kirghize, mettant en avant leur importance culturelle.<\/p>\n<p><img loading=\"lazy\" decoding=\"async\" class=\"alignnone size-full wp-image-14891\" src=\"https:\/\/www.min-on.org\/fr\/wp-content\/uploads\/sites\/7\/2026\/04\/\u2461_Kyrgyz.jpg\" alt=\"\" width=\"1800\" height=\"1200\" srcset=\"https:\/\/www.min-on.org\/fr\/wp-content\/uploads\/sites\/7\/2026\/04\/\u2461_Kyrgyz.jpg 1800w, https:\/\/www.min-on.org\/fr\/wp-content\/uploads\/sites\/7\/2026\/04\/\u2461_Kyrgyz-300x200.jpg 300w, https:\/\/www.min-on.org\/fr\/wp-content\/uploads\/sites\/7\/2026\/04\/\u2461_Kyrgyz-1024x683.jpg 1024w, https:\/\/www.min-on.org\/fr\/wp-content\/uploads\/sites\/7\/2026\/04\/\u2461_Kyrgyz-768x512.jpg 768w, https:\/\/www.min-on.org\/fr\/wp-content\/uploads\/sites\/7\/2026\/04\/\u2461_Kyrgyz-1536x1024.jpg 1536w, https:\/\/www.min-on.org\/fr\/wp-content\/uploads\/sites\/7\/2026\/04\/\u2461_Kyrgyz-1080x720.jpg 1080w, https:\/\/www.min-on.org\/fr\/wp-content\/uploads\/sites\/7\/2026\/04\/\u2461_Kyrgyz-1280x853.jpg 1280w, https:\/\/www.min-on.org\/fr\/wp-content\/uploads\/sites\/7\/2026\/04\/\u2461_Kyrgyz-980x653.jpg 980w, https:\/\/www.min-on.org\/fr\/wp-content\/uploads\/sites\/7\/2026\/04\/\u2461_Kyrgyz-480x320.jpg 480w\" sizes=\"(max-width: 1800px) 100vw, 1800px\" \/><\/p>\n<p>Exprimant ses attentes pour l\u2019avenir, l\u2019ambassadeur a fait part de son souhait de renforcer encore les \u00e9changes entre les deux pays gr\u00e2ce \u00e0 une coop\u00e9ration continue avec Min-On.<\/p>\n<p><img loading=\"lazy\" decoding=\"async\" class=\"alignnone size-full wp-image-14892\" src=\"https:\/\/www.min-on.org\/fr\/wp-content\/uploads\/sites\/7\/2026\/04\/\u2462_Kyrgyz.jpg\" alt=\"\" width=\"1800\" height=\"1200\" srcset=\"https:\/\/www.min-on.org\/fr\/wp-content\/uploads\/sites\/7\/2026\/04\/\u2462_Kyrgyz.jpg 1800w, https:\/\/www.min-on.org\/fr\/wp-content\/uploads\/sites\/7\/2026\/04\/\u2462_Kyrgyz-300x200.jpg 300w, https:\/\/www.min-on.org\/fr\/wp-content\/uploads\/sites\/7\/2026\/04\/\u2462_Kyrgyz-1024x683.jpg 1024w, https:\/\/www.min-on.org\/fr\/wp-content\/uploads\/sites\/7\/2026\/04\/\u2462_Kyrgyz-768x512.jpg 768w, https:\/\/www.min-on.org\/fr\/wp-content\/uploads\/sites\/7\/2026\/04\/\u2462_Kyrgyz-1536x1024.jpg 1536w, https:\/\/www.min-on.org\/fr\/wp-content\/uploads\/sites\/7\/2026\/04\/\u2462_Kyrgyz-1080x720.jpg 1080w, https:\/\/www.min-on.org\/fr\/wp-content\/uploads\/sites\/7\/2026\/04\/\u2462_Kyrgyz-1280x853.jpg 1280w, https:\/\/www.min-on.org\/fr\/wp-content\/uploads\/sites\/7\/2026\/04\/\u2462_Kyrgyz-980x653.jpg 980w, https:\/\/www.min-on.org\/fr\/wp-content\/uploads\/sites\/7\/2026\/04\/\u2462_Kyrgyz-480x320.jpg 480w\" sizes=\"(max-width: 1800px) 100vw, 1800px\" \/><\/p>\n<p>\u00c0 l\u2019issue de la rencontre, les invit\u00e9s ont visit\u00e9 la salle des pianos classiques du mus\u00e9e de la musique Min-On.<\/p>\n","protected":false},"excerpt":{"rendered":"<p>Le 15 avril 2026, S.E. M. Erkinbek Osoev, ambassadeur extraordinaire et pl\u00e9nipotentiaire de la R\u00e9publique kirghize au Japon, s\u2019est rendu<\/p>\n","protected":false},"author":1,"featured_media":14890,"comment_status":"open","ping_status":"open","sticky":false,"template":"","format":"standard","meta":{"_et_pb_use_builder":"","_et_pb_old_content":"","_et_gb_content_width":"","footnotes":""},"categories":[400],"tags":[129],"distributor_meta":false,"distributor_terms":false,"distributor_media":false,"distributor_original_site_name":"French - Min-On Website","distributor_original_site_url":"https:\/\/www.min-on.org\/fr","_links":{"self":[{"href":"https:\/\/www.min-on.org\/fr\/wp-json\/wp\/v2\/posts\/14893"}],"collection":[{"href":"https:\/\/www.min-on.org\/fr\/wp-json\/wp\/v2\/posts"}],"about":[{"href":"https:\/\/www.min-on.org\/fr\/wp-json\/wp\/v2\/types\/post"}],"author":[{"embeddable":true,"href":"https:\/\/www.min-on.org\/fr\/wp-json\/wp\/v2\/users\/1"}],"replies":[{"embeddable":true,"href":"https:\/\/www.min-on.org\/fr\/wp-json\/wp\/v2\/comments?post=14893"}],"version-history":[{"count":1,"href":"https:\/\/www.min-on.org\/fr\/wp-json\/wp\/v2\/posts\/14893\/revisions"}],"predecessor-version":[{"id":14894,"href":"https:\/\/www.min-on.org\/fr\/wp-json\/wp\/v2\/posts\/14893\/revisions\/14894"}],"wp:featuredmedia":[{"embeddable":true,"href":"https:\/\/www.min-on.org\/fr\/wp-json\/wp\/v2\/media\/14890"}],"wp:attachment":[{"href":"https:\/\/www.min-on.org\/fr\/wp-json\/wp\/v2\/media?parent=14893"}],"wp:term":[{"taxonomy":"category","embeddable":true,"href":"https:\/\/www.min-on.org\/fr\/wp-json\/wp\/v2\/categories?post=14893"},{"taxonomy":"post_tag","embeddable":true,"href":"https:\/\/www.min-on.org\/fr\/wp-json\/wp\/v2\/tags?post=14893"}],"curies":[{"name":"wp","href":"https:\/\/api.w.org\/{rel}","templated":true}]}}