{"id":14697,"date":"2025-12-12T08:08:07","date_gmt":"2025-12-12T08:08:07","guid":{"rendered":"https:\/\/www.min-on.org\/fr\/?p=14697"},"modified":"2025-12-12T08:09:51","modified_gmt":"2025-12-12T08:09:51","slug":"musee-de-la-musique-min-on-fermetures-pour-les-fetes-de-fin-dannee-22-decembre-2025-5-janvier-2026","status":"publish","type":"post","link":"https:\/\/www.min-on.org\/fr\/14697\/musee-de-la-musique-min-on-fermetures-pour-les-fetes-de-fin-dannee-22-decembre-2025-5-janvier-2026\/","title":{"rendered":"Mus\u00e9e de la musique Min-On : Fermetures pour les f\u00eates de fin d\u2019ann\u00e9e (22\u00a0d\u00e9cembre\u00a02025 &#8211; 5\u00a0janvier\u00a02026)"},"content":{"rendered":"<p>\u00c0 l\u2019approche des f\u00eates de fin d\u2019ann\u00e9e, veuillez noter les horaires de fermeture de nos \u00e9tablissements.<!--more--><\/p>\n<p><img loading=\"lazy\" decoding=\"async\" class=\"alignnone size-full wp-image-14698\" src=\"https:\/\/www.min-on.org\/fr\/wp-content\/uploads\/sites\/7\/2025\/12\/Min-On.jpeg\" alt=\"\" width=\"1080\" height=\"675\" srcset=\"https:\/\/www.min-on.org\/fr\/wp-content\/uploads\/sites\/7\/2025\/12\/Min-On.jpeg 1080w, https:\/\/www.min-on.org\/fr\/wp-content\/uploads\/sites\/7\/2025\/12\/Min-On-980x613.jpeg 980w, https:\/\/www.min-on.org\/fr\/wp-content\/uploads\/sites\/7\/2025\/12\/Min-On-480x300.jpeg 480w\" sizes=\"(min-width: 0px) and (max-width: 480px) 480px, (min-width: 481px) and (max-width: 980px) 980px, (min-width: 981px) 1080px, 100vw\" \/><\/p>\n<p><strong>Mus\u00e9e de la musique Min-On (Shinjuku, Tokyo)<\/strong><\/p>\n<p>Le mus\u00e9e sera ferm\u00e9 pour les f\u00eates de fin d\u2019ann\u00e9e, du lundi 22\u00a0d\u00e9cembre\u00a02025 au lundi 5\u00a0janvier\u00a02026.<\/p>\n<p>Les horaires d\u2019ouverture habituels reprendront le mardi 6\u00a0janvier\u00a02026.<\/p>\n<p>Le Plaza Min-On (boutique du mus\u00e9e) ouvrira de la m\u00eame mani\u00e8re.<\/p>\n<p>Horaires d\u2019ouverture habituels\u00a0:<\/p>\n<ul>\n<li>Mardi au samedi\u00a0: 11h00 &#8211; 16h00<\/li>\n<li>Dimanche et jours f\u00e9ri\u00e9s\u00a0: 10h00 &#8211; 17h00<\/li>\n<li>Fermeture\u00a0: Tous les lundis (le mus\u00e9e ouvre si le lundi est un jour f\u00e9ri\u00e9, mais sera ferm\u00e9 le lendemain), et pendant les f\u00eates de fin d\u2019ann\u00e9e.<\/li>\n<\/ul>\n<p><strong>Mus\u00e9e de la musique Min-On &#8211; Branche occidentale (Kobe)<\/strong><\/p>\n<p>Le mus\u00e9e sera ferm\u00e9 du lundi 22\u00a0d\u00e9cembre\u00a02025 au samedi 10\u00a0janvier\u00a02026.<\/p>\n<p>Les horaires d\u2019ouverture habituels reprendront le dimanche 11\u00a0janvier\u00a02026.<\/p>\n<p>Horaires d\u2019ouverture habituels\u00a0:<\/p>\n<ul>\n<li>Dimanche uniquement\u00a0: 11h00 &#8211; 16h00 (derni\u00e8re admission \u00e0 15h30)<\/li>\n<li>Fermeture : Pendant les f\u00eates de fin d\u2019ann\u00e9e.<\/li>\n<\/ul>\n<p><strong>Biblioth\u00e8que musicale (Shinjuku, Tokyo)<\/strong><\/p>\n<p>La biblioth\u00e8que musicale sera ferm\u00e9e du mercredi 24 d\u00e9cembre 2025 au mercredi 7 janvier 2026.<\/p>\n<p>Les horaires d\u2019ouverture habituels reprendront le jeudi 8\u00a0janvier\u00a02026.<\/p>\n<p>Horaires d\u2019ouverture habituels\u00a0:<\/p>\n<ul>\n<li>Mardi, jeudi, samedi\u00a0: 12h00 &#8211; 18h00 (derni\u00e8re admission 17h30)<\/li>\n<\/ul>\n<p>Fermeture\u00a0: Tous les autres jours, les jours f\u00e9ri\u00e9s, la fermeture estivale (du 1er au 15\u00a0ao\u00fbt) et les f\u00eates de fin d\u2019ann\u00e9e (du 25\u00a0d\u00e9cembre au 7\u00a0janvier).<\/p>\n<p>Horaires d\u2019ouverture (\u00e0 partir du vendredi 10\u00a0octobre)\u00a0:<\/p>\n<ul>\n<li>Mardi au samedi\u00a0: 11h00 &#8211; 16h00<\/li>\n<li>Dimanche et jours f\u00e9ri\u00e9s\u00a0: 10h00 &#8211; 17h00<\/li>\n<\/ul>\n<p>Fermeture tous les lundis. Le mus\u00e9e ouvre si le lundi est un jour f\u00e9ri\u00e9, mais sera ferm\u00e9 le lendemain.<\/p>\n","protected":false},"excerpt":{"rendered":"<p>\u00c0 l\u2019approche des f\u00eates de fin d\u2019ann\u00e9e, veuillez noter les horaires de fermeture de nos \u00e9tablissements.<\/p>\n","protected":false},"author":1,"featured_media":14698,"comment_status":"open","ping_status":"open","sticky":false,"template":"","format":"standard","meta":{"_et_pb_use_builder":"","_et_pb_old_content":"","_et_gb_content_width":"","footnotes":""},"categories":[11],"tags":[467,466],"distributor_meta":false,"distributor_terms":false,"distributor_media":false,"distributor_original_site_name":"French - Min-On Website","distributor_original_site_url":"https:\/\/www.min-on.org\/fr","_links":{"self":[{"href":"https:\/\/www.min-on.org\/fr\/wp-json\/wp\/v2\/posts\/14697"}],"collection":[{"href":"https:\/\/www.min-on.org\/fr\/wp-json\/wp\/v2\/posts"}],"about":[{"href":"https:\/\/www.min-on.org\/fr\/wp-json\/wp\/v2\/types\/post"}],"author":[{"embeddable":true,"href":"https:\/\/www.min-on.org\/fr\/wp-json\/wp\/v2\/users\/1"}],"replies":[{"embeddable":true,"href":"https:\/\/www.min-on.org\/fr\/wp-json\/wp\/v2\/comments?post=14697"}],"version-history":[{"count":2,"href":"https:\/\/www.min-on.org\/fr\/wp-json\/wp\/v2\/posts\/14697\/revisions"}],"predecessor-version":[{"id":14701,"href":"https:\/\/www.min-on.org\/fr\/wp-json\/wp\/v2\/posts\/14697\/revisions\/14701"}],"wp:featuredmedia":[{"embeddable":true,"href":"https:\/\/www.min-on.org\/fr\/wp-json\/wp\/v2\/media\/14698"}],"wp:attachment":[{"href":"https:\/\/www.min-on.org\/fr\/wp-json\/wp\/v2\/media?parent=14697"}],"wp:term":[{"taxonomy":"category","embeddable":true,"href":"https:\/\/www.min-on.org\/fr\/wp-json\/wp\/v2\/categories?post=14697"},{"taxonomy":"post_tag","embeddable":true,"href":"https:\/\/www.min-on.org\/fr\/wp-json\/wp\/v2\/tags?post=14697"}],"curies":[{"name":"wp","href":"https:\/\/api.w.org\/{rel}","templated":true}]}}