{"id":14619,"date":"2025-11-14T03:03:32","date_gmt":"2025-11-14T03:03:32","guid":{"rendered":"https:\/\/www.min-on.org\/fr\/?p=14619"},"modified":"2025-11-14T03:46:58","modified_gmt":"2025-11-14T03:46:58","slug":"voyage-musical-min-on-n-99-le-togo-maintenant-disponible","status":"publish","type":"post","link":"https:\/\/www.min-on.org\/fr\/14619\/voyage-musical-min-on-n-99-le-togo-maintenant-disponible\/","title":{"rendered":"Voyage musical Min-On n\u00b0\u00a099\u00a0: le Togo maintenant disponible"},"content":{"rendered":"<p>La s\u00e9rie de voyages musicaux Min-On pr\u00e9sente le charme unique, les paysages et la vie quotidienne des peuples du monde entier<!--more-->, accompagn\u00e9s de leur musique.<\/p>\n<p><img loading=\"lazy\" decoding=\"async\" class=\"alignnone size-full wp-image-14622\" src=\"https:\/\/www.min-on.org\/fr\/wp-content\/uploads\/sites\/7\/2025\/11\/\u8a18\u4e8b\u63b2\u8f09\u5199\u771f_MMJ-Togo.jpg\" alt=\"\" width=\"745\" height=\"400\" srcset=\"https:\/\/www.min-on.org\/fr\/wp-content\/uploads\/sites\/7\/2025\/11\/\u8a18\u4e8b\u63b2\u8f09\u5199\u771f_MMJ-Togo.jpg 745w, https:\/\/www.min-on.org\/fr\/wp-content\/uploads\/sites\/7\/2025\/11\/\u8a18\u4e8b\u63b2\u8f09\u5199\u771f_MMJ-Togo-300x161.jpg 300w, https:\/\/www.min-on.org\/fr\/wp-content\/uploads\/sites\/7\/2025\/11\/\u8a18\u4e8b\u63b2\u8f09\u5199\u771f_MMJ-Togo-480x258.jpg 480w\" sizes=\"(max-width: 745px) 100vw, 745px\" \/><\/p>\n<p>Le 27\u00a0octobre, l\u2019\u00e9dition consacr\u00e9e \u00e0 la R\u00e9publique du Togo a \u00e9t\u00e9 publi\u00e9e.<\/p>\n<p>L\u2019article est disponible en anglais et en japonais.<\/p>\n<p>Nous vous invitons \u00e0 un voyage musical en R\u00e9publique du Togo\u00a0!<\/p>\n<p>Article en anglais\u00a0: <a href=\"https:\/\/www.min-on.org\/18088\/min-on-music-journey-no-99-togo\/\">https:\/\/www.min-on.org\/18088\/min-on-music-journey-no-99-togo\/<\/a><\/p>\n<p>Article japonais\u00a0: <a href=\"https:\/\/www.min-on.or.jp\/topics\/detail_2008_.html\">https:\/\/www.min-on.or.jp\/topics\/detail_2008_.html<\/a><\/p>\n","protected":false},"excerpt":{"rendered":"<p>La s\u00e9rie de voyages musicaux Min-On pr\u00e9sente le charme unique, les paysages et la vie quotidienne des peuples du monde entier<\/p>\n","protected":false},"author":1,"featured_media":14622,"comment_status":"open","ping_status":"open","sticky":false,"template":"","format":"standard","meta":{"_et_pb_use_builder":"","_et_pb_old_content":"","_et_gb_content_width":"","footnotes":""},"categories":[11],"tags":[461],"distributor_meta":false,"distributor_terms":false,"distributor_media":false,"distributor_original_site_name":"French - Min-On Website","distributor_original_site_url":"https:\/\/www.min-on.org\/fr","_links":{"self":[{"href":"https:\/\/www.min-on.org\/fr\/wp-json\/wp\/v2\/posts\/14619"}],"collection":[{"href":"https:\/\/www.min-on.org\/fr\/wp-json\/wp\/v2\/posts"}],"about":[{"href":"https:\/\/www.min-on.org\/fr\/wp-json\/wp\/v2\/types\/post"}],"author":[{"embeddable":true,"href":"https:\/\/www.min-on.org\/fr\/wp-json\/wp\/v2\/users\/1"}],"replies":[{"embeddable":true,"href":"https:\/\/www.min-on.org\/fr\/wp-json\/wp\/v2\/comments?post=14619"}],"version-history":[{"count":2,"href":"https:\/\/www.min-on.org\/fr\/wp-json\/wp\/v2\/posts\/14619\/revisions"}],"predecessor-version":[{"id":14624,"href":"https:\/\/www.min-on.org\/fr\/wp-json\/wp\/v2\/posts\/14619\/revisions\/14624"}],"wp:featuredmedia":[{"embeddable":true,"href":"https:\/\/www.min-on.org\/fr\/wp-json\/wp\/v2\/media\/14622"}],"wp:attachment":[{"href":"https:\/\/www.min-on.org\/fr\/wp-json\/wp\/v2\/media?parent=14619"}],"wp:term":[{"taxonomy":"category","embeddable":true,"href":"https:\/\/www.min-on.org\/fr\/wp-json\/wp\/v2\/categories?post=14619"},{"taxonomy":"post_tag","embeddable":true,"href":"https:\/\/www.min-on.org\/fr\/wp-json\/wp\/v2\/tags?post=14619"}],"curies":[{"name":"wp","href":"https:\/\/api.w.org\/{rel}","templated":true}]}}