{"id":13932,"date":"2023-12-24T05:30:53","date_gmt":"2023-12-24T05:30:53","guid":{"rendered":"https:\/\/www.min-on.org\/fr\/?p=13932"},"modified":"2024-01-17T05:31:53","modified_gmt":"2024-01-17T05:31:53","slug":"belle-annee-2024","status":"publish","type":"post","link":"https:\/\/www.min-on.org\/fr\/13932\/belle-annee-2024\/","title":{"rendered":"Belle Ann\u00e9e 2024 !"},"content":{"rendered":"<p>L\u2019Association des Concerts Min-On vous souhaite d\u2019excellentes f\u00eates de fin d\u2019ann\u00e9e, et vous pr\u00e9sente ses meilleurs v\u0153ux pour la nouvelle ann\u00e9e 2024.<!--more--><\/p>\n<p><img loading=\"lazy\" decoding=\"async\" class=\"alignnone size-full wp-image-13927\" src=\"https:\/\/www.min-on.org\/fr\/wp-content\/uploads\/sites\/7\/2024\/01\/\u6700\u7d42\u7248Min-On-Greeting-2023.gif\" alt=\"\" width=\"800\" height=\"450\" \/><\/p>\n<p>Cette ann\u00e9e 2023 a marqu\u00e9 le 60e anniversaire de notre fondation. La pand\u00e9mie du Covid-19 s\u2019estompant progressivement, nous avons repris de mani\u00e8re plus importante la programmation des concerts d\u2019\u00e9changes culturels en invitant des artistes d\u2019outre-mer au Japon. Ainsi, le public japonais de tout l\u2019archipel a pu appr\u00e9cier les spectacles pr\u00e9sent\u00e9s par des musiciens originaires des \u00c9tats-Unis, d\u2019Argentine, de Bolivie, de Finlande, d\u2019Inde, de Su\u00e8de, d\u2019Ukraine et de Tha\u00eflande.<\/p>\n<p>Outre les concerts donn\u00e9s par des artistes du spectacle vivant japonais et \u00e9trangers, nous envisageons d\u2019organiser des actions de sensibilisation au service du bien-\u00eatre public, notamment le Concours International de Tokyo (Section Direction d\u2019orchestre) lequel pr\u00e9sentera sa XXe \u00e9dition depuis son lancement en 1967, et un Sommet mondial sur la Musique et son r\u00f4le dans la construction de la paix, organis\u00e9 par l\u2019Institut Min-On de musicologie (MOMRI) qui c\u00e9l\u00e8brera le 10e anniversaire de sa fondation.<\/p>\n<p>Nous nous nous engageons \u00e0 continuer de susciter \u00e9motion et inspiration chez nos nombreux spectateurs par le biais de nos actions en faveur de la culture musicale.<\/p>\n<p>Nous saisissons cette occasion pour vous remercier par avance de tout c\u0153ur pour le chaleureux soutien que vous voudrez bien nous accorder durant la nouvelle ann\u00e9e, et vous adressons tous nos v\u0153ux de bonheur et de sant\u00e9.<\/p>\n<p>Toute l\u2019\u00e9quipe de l\u2019Association des Concerts Min-On<\/p>\n","protected":false},"excerpt":{"rendered":"<p>L\u2019Association des Concerts Min-On vous souhaite d\u2019excellentes f\u00eates de fin d\u2019ann\u00e9e, et vous pr\u00e9sente ses meilleurs v\u0153ux pour la nouvelle ann\u00e9e 2024.<\/p>\n","protected":false},"author":1,"featured_media":13928,"comment_status":"open","ping_status":"open","sticky":false,"template":"","format":"standard","meta":{"_et_pb_use_builder":"","_et_pb_old_content":"","_et_gb_content_width":"","footnotes":""},"categories":[11],"tags":[],"distributor_meta":false,"distributor_terms":false,"distributor_media":false,"distributor_original_site_name":"French - Min-On Website","distributor_original_site_url":"https:\/\/www.min-on.org\/fr","_links":{"self":[{"href":"https:\/\/www.min-on.org\/fr\/wp-json\/wp\/v2\/posts\/13932"}],"collection":[{"href":"https:\/\/www.min-on.org\/fr\/wp-json\/wp\/v2\/posts"}],"about":[{"href":"https:\/\/www.min-on.org\/fr\/wp-json\/wp\/v2\/types\/post"}],"author":[{"embeddable":true,"href":"https:\/\/www.min-on.org\/fr\/wp-json\/wp\/v2\/users\/1"}],"replies":[{"embeddable":true,"href":"https:\/\/www.min-on.org\/fr\/wp-json\/wp\/v2\/comments?post=13932"}],"version-history":[{"count":1,"href":"https:\/\/www.min-on.org\/fr\/wp-json\/wp\/v2\/posts\/13932\/revisions"}],"predecessor-version":[{"id":13933,"href":"https:\/\/www.min-on.org\/fr\/wp-json\/wp\/v2\/posts\/13932\/revisions\/13933"}],"wp:featuredmedia":[{"embeddable":true,"href":"https:\/\/www.min-on.org\/fr\/wp-json\/wp\/v2\/media\/13928"}],"wp:attachment":[{"href":"https:\/\/www.min-on.org\/fr\/wp-json\/wp\/v2\/media?parent=13932"}],"wp:term":[{"taxonomy":"category","embeddable":true,"href":"https:\/\/www.min-on.org\/fr\/wp-json\/wp\/v2\/categories?post=13932"},{"taxonomy":"post_tag","embeddable":true,"href":"https:\/\/www.min-on.org\/fr\/wp-json\/wp\/v2\/tags?post=13932"}],"curies":[{"name":"wp","href":"https:\/\/api.w.org\/{rel}","templated":true}]}}