{"id":11512,"date":"2022-05-13T09:26:57","date_gmt":"2022-05-13T09:26:57","guid":{"rendered":"https:\/\/www.min-on.org\/fr\/?p=11512"},"modified":"2022-05-13T09:26:57","modified_gmt":"2022-05-13T09:26:57","slug":"rencontre-de-jeunes-musiciens-coreens-et-japonais-jeunes-joueurs-coreens-et-japonais-dinstruments-traditionnels","status":"publish","type":"post","link":"https:\/\/www.min-on.org\/fr\/11512\/rencontre-de-jeunes-musiciens-coreens-et-japonais-jeunes-joueurs-coreens-et-japonais-dinstruments-traditionnels\/","title":{"rendered":"RENCONTRE DE JEUNES MUSICIENS COREENS ET JAPONAIS: Jeunes joueurs cor\u00e9ens et japonais d\u2019instruments traditionnels"},"content":{"rendered":"<p>Les jeudi et vendredi 15 et 16 avril 2022, des concerts de musique traditionnelle mettant en sc\u00e8ne de jeunes musiciens cor\u00e9ens et japonais ont eu lieu dans la Salle Hanmadang, au Centre de la Culture Cor\u00e9enne [Korean Cultural Center, KCC] situ\u00e9 dans l\u2019arrondissement de Shinjuku, \u00e0 Tokyo.<!--more-->\u00a0 L\u2019\u00e9v\u00e9nement \u00e9tait organis\u00e9 conjointement par l\u2019Association des Concerts Min-On, l\u2019Ambassade de Cor\u00e9e au Japon, ainsi que le KCC.<\/p>\n<p><img loading=\"lazy\" decoding=\"async\" class=\"alignnone size-large wp-image-11513\" src=\"https:\/\/www.min-on.org\/fr\/wp-content\/uploads\/sites\/7\/2022\/05\/1-1024x682.jpg\" alt=\"\" width=\"1024\" height=\"682\" srcset=\"https:\/\/www.min-on.org\/fr\/wp-content\/uploads\/sites\/7\/2022\/05\/1-1024x682.jpg 1024w, https:\/\/www.min-on.org\/fr\/wp-content\/uploads\/sites\/7\/2022\/05\/1-300x200.jpg 300w, https:\/\/www.min-on.org\/fr\/wp-content\/uploads\/sites\/7\/2022\/05\/1-768x512.jpg 768w, https:\/\/www.min-on.org\/fr\/wp-content\/uploads\/sites\/7\/2022\/05\/1-1080x719.jpg 1080w, https:\/\/www.min-on.org\/fr\/wp-content\/uploads\/sites\/7\/2022\/05\/1.jpg 1800w\" sizes=\"(max-width: 1024px) 100vw, 1024px\" \/><\/p>\n<p>Des deux concerts donn\u00e9s le 16, celui de l\u2019apr\u00e8s-midi \u00e9tait notamment destin\u00e9 aux familles, et une centaine d\u2019enfants accompagn\u00e9s de leurs parents y ont assist\u00e9.\u00a0 Le Directeur du KCC au Japon, M. Kong Hyung Sik, de m\u00eame qu\u2019environ 120 personnes et invit\u00e9s, ont pu appr\u00e9cier la prestation lors du spectacle pr\u00e9sent\u00e9 le soir.<\/p>\n<p><img loading=\"lazy\" decoding=\"async\" class=\"alignnone size-large wp-image-11514\" src=\"https:\/\/www.min-on.org\/fr\/wp-content\/uploads\/sites\/7\/2022\/05\/2\u3000Changseop-Lee-1024x682.jpg\" alt=\"\" width=\"1024\" height=\"682\" srcset=\"https:\/\/www.min-on.org\/fr\/wp-content\/uploads\/sites\/7\/2022\/05\/2\u3000Changseop-Lee-1024x682.jpg 1024w, https:\/\/www.min-on.org\/fr\/wp-content\/uploads\/sites\/7\/2022\/05\/2\u3000Changseop-Lee-300x200.jpg 300w, https:\/\/www.min-on.org\/fr\/wp-content\/uploads\/sites\/7\/2022\/05\/2\u3000Changseop-Lee-768x511.jpg 768w, https:\/\/www.min-on.org\/fr\/wp-content\/uploads\/sites\/7\/2022\/05\/2\u3000Changseop-Lee-1080x719.jpg 1080w, https:\/\/www.min-on.org\/fr\/wp-content\/uploads\/sites\/7\/2022\/05\/2\u3000Changseop-Lee.jpg 1800w\" sizes=\"(max-width: 1024px) 100vw, 1024px\" \/><\/p>\n<p>Le rideau s\u2019est lev\u00e9 sur un duo compos\u00e9 de Changseop Lee, au tambour traditionnel cor\u00e9en <em>changgo<\/em>, et de Sunyoung Bark, au <em>geonmungo<\/em>, un instrument traditionnel cor\u00e9en \u00e0 cordes pinc\u00e9es, lesquels ont offert tous deux une performance merveilleusement harmonieuse. Apr\u00e8s avoir pr\u00e9sent\u00e9 les instruments traditionnels, M. Lee a interpr\u00e9t\u00e9 en solo une chanson tr\u00e8s populaire jou\u00e9e depuis longtemps \u00e0 l\u2019occasion des f\u00eates de village.<\/p>\n<p><img loading=\"lazy\" decoding=\"async\" class=\"alignnone size-large wp-image-11515\" src=\"https:\/\/www.min-on.org\/fr\/wp-content\/uploads\/sites\/7\/2022\/05\/3\u3000-Shogo-Yoshii-1024x684.jpg\" alt=\"\" width=\"1024\" height=\"684\" srcset=\"https:\/\/www.min-on.org\/fr\/wp-content\/uploads\/sites\/7\/2022\/05\/3\u3000-Shogo-Yoshii-1024x684.jpg 1024w, https:\/\/www.min-on.org\/fr\/wp-content\/uploads\/sites\/7\/2022\/05\/3\u3000-Shogo-Yoshii-300x200.jpg 300w, https:\/\/www.min-on.org\/fr\/wp-content\/uploads\/sites\/7\/2022\/05\/3\u3000-Shogo-Yoshii-768x513.jpg 768w, https:\/\/www.min-on.org\/fr\/wp-content\/uploads\/sites\/7\/2022\/05\/3\u3000-Shogo-Yoshii-1080x721.jpg 1080w, https:\/\/www.min-on.org\/fr\/wp-content\/uploads\/sites\/7\/2022\/05\/3\u3000-Shogo-Yoshii.jpg 1800w\" sizes=\"(max-width: 1024px) 100vw, 1024px\" \/><\/p>\n<p>S\u2019est ensuivi une partie d\u00e9di\u00e9e \u00e0 la musique traditionnelle japonaise, avec Shogo Yoshii, qui a fait la d\u00e9monstration de ses talents sur plusieurs instruments \u2013 le tambour <em>wada\u00efko<\/em>, la fl\u00fbte et un violon \u00e0 quatre cordes \u2013 en interpr\u00e9tant une chanson du folklore des b\u00fbcherons de l\u2019\u00eele de Miyakejima intitul\u00e9 <em>Kiyari-uta<\/em>. Apr\u00e8s avoir expliqu\u00e9 les liens reliant la musique et les instruments des deux pays, en compagnie de deux autres percussionnistes, Kenshiroh Sano et Moe Kenmoku, il a jou\u00e9 trois airs sur des tambours japonais aux puissantes vibrations, dont la chanson festive <em>Matsuribayashi<\/em>.<\/p>\n<p><img loading=\"lazy\" decoding=\"async\" class=\"alignnone size-large wp-image-11516\" src=\"https:\/\/www.min-on.org\/fr\/wp-content\/uploads\/sites\/7\/2022\/05\/4-1024x682.jpg\" alt=\"\" width=\"1024\" height=\"682\" srcset=\"https:\/\/www.min-on.org\/fr\/wp-content\/uploads\/sites\/7\/2022\/05\/4-1024x682.jpg 1024w, https:\/\/www.min-on.org\/fr\/wp-content\/uploads\/sites\/7\/2022\/05\/4-300x200.jpg 300w, https:\/\/www.min-on.org\/fr\/wp-content\/uploads\/sites\/7\/2022\/05\/4-768x511.jpg 768w, https:\/\/www.min-on.org\/fr\/wp-content\/uploads\/sites\/7\/2022\/05\/4-1080x719.jpg 1080w, https:\/\/www.min-on.org\/fr\/wp-content\/uploads\/sites\/7\/2022\/05\/4.jpg 1800w\" sizes=\"(max-width: 1024px) 100vw, 1024px\" \/><\/p>\n<p>Puis, ce fut au tour de Tannpi, groupe de percussionnistes cor\u00e9ennes bas\u00e9es au Japon, v\u00eatues de costumes aux couleurs vives traditionnelles de leur pays natal, de d\u00e9ployer ses talents en interpr\u00e9tant <em>Pungmul<\/em> [\u00ab\u00a0Sc\u00e8nes\u00a0\u00bb], un morceau associant certains \u00e9l\u00e9ments du genre percussif <em>samul nori<\/em>.<\/p>\n<p>Pour la finale, les jeunes musiciens cor\u00e9ens et japonais r\u00e9unis ont pr\u00e9sent\u00e9 une interpr\u00e9tation \u00e9poustouflante d\u2019une \u0153uvre originale compos\u00e9e ensemble pour l\u2019occasion\u00a0: <em>Unsh\u00fb<\/em> [\u00ab\u00a0Cimes de nuages \u00bb], accueillie par les applaudissements chaleureux d\u2019un public conquis.<\/p>\n<p><iframe loading=\"lazy\" width=\"1080\" height=\"608\" src=\"https:\/\/www.youtube.com\/embed\/BP9yxPApDkQ?feature=oembed&#038;enablejsapi=1&#038;origin=https:\/\/www.min-on.org\" frameborder=\"0\" allow=\"accelerometer; autoplay; clipboard-write; encrypted-media; gyroscope; picture-in-picture\" allowfullscreen><\/iframe><\/p>\n<p>Cet \u00e9v\u00e9nement a pu avoir lieu gr\u00e2ce aux cotisations des adh\u00e9rents.\u00a0 Nous souhaitons saisir cette occasion pour les remercier d\u2019avoir rendu ces spectacles possibles.<\/p>\n","protected":false},"excerpt":{"rendered":"<p>Les jeudi et vendredi 15 et 16 avril 2022, des concerts de musique traditionnelle mettant en sc\u00e8ne de jeunes musiciens cor\u00e9ens et japonais ont eu lieu dans la Salle Hanmadang, au Centre de la Culture Cor\u00e9enne [Korean Cultural Center, KCC] situ\u00e9 dans l\u2019arrondissement de Shinjuku, \u00e0 Tokyo.<\/p>\n","protected":false},"author":1,"featured_media":11513,"comment_status":"open","ping_status":"open","sticky":false,"template":"","format":"standard","meta":{"_et_pb_use_builder":"","_et_pb_old_content":"","_et_gb_content_width":"","footnotes":""},"categories":[11],"tags":[],"distributor_meta":false,"distributor_terms":false,"distributor_media":false,"distributor_original_site_name":"French - Min-On Website","distributor_original_site_url":"https:\/\/www.min-on.org\/fr","_links":{"self":[{"href":"https:\/\/www.min-on.org\/fr\/wp-json\/wp\/v2\/posts\/11512"}],"collection":[{"href":"https:\/\/www.min-on.org\/fr\/wp-json\/wp\/v2\/posts"}],"about":[{"href":"https:\/\/www.min-on.org\/fr\/wp-json\/wp\/v2\/types\/post"}],"author":[{"embeddable":true,"href":"https:\/\/www.min-on.org\/fr\/wp-json\/wp\/v2\/users\/1"}],"replies":[{"embeddable":true,"href":"https:\/\/www.min-on.org\/fr\/wp-json\/wp\/v2\/comments?post=11512"}],"version-history":[{"count":1,"href":"https:\/\/www.min-on.org\/fr\/wp-json\/wp\/v2\/posts\/11512\/revisions"}],"predecessor-version":[{"id":11517,"href":"https:\/\/www.min-on.org\/fr\/wp-json\/wp\/v2\/posts\/11512\/revisions\/11517"}],"wp:featuredmedia":[{"embeddable":true,"href":"https:\/\/www.min-on.org\/fr\/wp-json\/wp\/v2\/media\/11513"}],"wp:attachment":[{"href":"https:\/\/www.min-on.org\/fr\/wp-json\/wp\/v2\/media?parent=11512"}],"wp:term":[{"taxonomy":"category","embeddable":true,"href":"https:\/\/www.min-on.org\/fr\/wp-json\/wp\/v2\/categories?post=11512"},{"taxonomy":"post_tag","embeddable":true,"href":"https:\/\/www.min-on.org\/fr\/wp-json\/wp\/v2\/tags?post=11512"}],"curies":[{"name":"wp","href":"https:\/\/api.w.org\/{rel}","templated":true}]}}