{"id":11469,"date":"2022-03-14T06:05:13","date_gmt":"2022-03-14T06:05:13","guid":{"rendered":"https:\/\/www.min-on.org\/fr\/?p=11469"},"modified":"2022-04-14T07:55:01","modified_gmt":"2022-04-14T07:55:01","slug":"s-e-lambassadeur-designe-de-la-republique-du-kosovo-rend-visite-a-la-maison-de-la-culture-min-on","status":"publish","type":"post","link":"https:\/\/www.min-on.org\/fr\/11469\/s-e-lambassadeur-designe-de-la-republique-du-kosovo-rend-visite-a-la-maison-de-la-culture-min-on\/","title":{"rendered":"S.E. l\u2019Ambassadeur d\u00e9sign\u00e9 de la R\u00e9publique du Kosovo rend visite \u00e0 la Maison de la Culture Min-On  \u00a0"},"content":{"rendered":"<p>Le 21 f\u00e9vrier 2022, S.E. Monsieur Sabri KI\u00c7MARI, futur Ambassadeur de la R\u00e9publique du Kosovo au Japon, s\u2019est rendu \u00e0 l\u2019Association des Concerts Min-On situ\u00e9e dans l\u2019arrondissement de Shinjuku, \u00e0 Tokyo.<\/p>\n<p><img loading=\"lazy\" decoding=\"async\" class=\"alignnone size-large wp-image-11471\" src=\"https:\/\/www.min-on.org\/fr\/wp-content\/uploads\/sites\/7\/2022\/03\/2-1024x683.jpg\" alt=\"\" width=\"1024\" height=\"683\" srcset=\"https:\/\/www.min-on.org\/fr\/wp-content\/uploads\/sites\/7\/2022\/03\/2-1024x683.jpg 1024w, https:\/\/www.min-on.org\/fr\/wp-content\/uploads\/sites\/7\/2022\/03\/2-300x200.jpg 300w, https:\/\/www.min-on.org\/fr\/wp-content\/uploads\/sites\/7\/2022\/03\/2-768x512.jpg 768w, https:\/\/www.min-on.org\/fr\/wp-content\/uploads\/sites\/7\/2022\/03\/2-1080x720.jpg 1080w\" sizes=\"(max-width: 1024px) 100vw, 1024px\" \/><\/p>\n<p>Accueilli par le Pr\u00e9sident de l\u2019Association des Concerts Min-On<!--more-->, M. Kazuto Ito, et l\u2019un des Directeurs de Min-On, M. Hideshiro Akiya, l\u2019Ambassadeur a d\u00e9clar\u00e9 qu\u2019il adh\u00e9rait de tout c\u0153ur \u00e0 la philosophie et aux principes guidant Min-On depuis sa fondation \u2013 relier les peuples gr\u00e2ce \u00e0 la musique, et faire ainsi progresser la cause de la paix.<\/p>\n<p><img loading=\"lazy\" decoding=\"async\" class=\"alignnone size-large wp-image-11470\" src=\"https:\/\/www.min-on.org\/fr\/wp-content\/uploads\/sites\/7\/2022\/03\/1-1024x683.jpg\" alt=\"\" width=\"1024\" height=\"683\" srcset=\"https:\/\/www.min-on.org\/fr\/wp-content\/uploads\/sites\/7\/2022\/03\/1-1024x683.jpg 1024w, https:\/\/www.min-on.org\/fr\/wp-content\/uploads\/sites\/7\/2022\/03\/1-300x200.jpg 300w, https:\/\/www.min-on.org\/fr\/wp-content\/uploads\/sites\/7\/2022\/03\/1-768x512.jpg 768w, https:\/\/www.min-on.org\/fr\/wp-content\/uploads\/sites\/7\/2022\/03\/1-1080x720.jpg 1080w\" sizes=\"(max-width: 1024px) 100vw, 1024px\" \/><\/p>\n<p>Il a formul\u00e9 le v\u0153u d\u2019\u0153uvrer de concert avec Min-On afin de favoriser encore les liens amicaux unissant le Kosovo et le Japon \u00e0 travers des \u00e9v\u00e9nements organis\u00e9s dans le cadre d\u2019\u00e9changes culturels bilat\u00e9raux.<\/p>\n<p><img loading=\"lazy\" decoding=\"async\" class=\"alignnone size-large wp-image-11472\" src=\"https:\/\/www.min-on.org\/fr\/wp-content\/uploads\/sites\/7\/2022\/03\/3-1024x683.jpg\" alt=\"\" width=\"1024\" height=\"683\" srcset=\"https:\/\/www.min-on.org\/fr\/wp-content\/uploads\/sites\/7\/2022\/03\/3-1024x683.jpg 1024w, https:\/\/www.min-on.org\/fr\/wp-content\/uploads\/sites\/7\/2022\/03\/3-300x200.jpg 300w, https:\/\/www.min-on.org\/fr\/wp-content\/uploads\/sites\/7\/2022\/03\/3-768x512.jpg 768w, https:\/\/www.min-on.org\/fr\/wp-content\/uploads\/sites\/7\/2022\/03\/3-1080x720.jpg 1080w\" sizes=\"(max-width: 1024px) 100vw, 1024px\" \/><\/p>\n","protected":false},"excerpt":{"rendered":"<p>Le 21 f\u00e9vrier 2022, S.E. Monsieur Sabri KI\u00c7MARI, futur Ambassadeur de la R\u00e9publique du Kosovo au Japon, s\u2019est rendu \u00e0 l\u2019Association des Concerts Min-On situ\u00e9e dans l\u2019arrondissement de Shinjuku, \u00e0 Tokyo. Accueilli par le Pr\u00e9sident de l\u2019Association des Concerts Min-On<\/p>\n","protected":false},"author":1,"featured_media":11471,"comment_status":"open","ping_status":"open","sticky":false,"template":"","format":"standard","meta":{"_et_pb_use_builder":"","_et_pb_old_content":"","_et_gb_content_width":"","footnotes":""},"categories":[11,400],"tags":[413],"distributor_meta":false,"distributor_terms":false,"distributor_media":false,"distributor_original_site_name":"French - Min-On Website","distributor_original_site_url":"https:\/\/www.min-on.org\/fr","_links":{"self":[{"href":"https:\/\/www.min-on.org\/fr\/wp-json\/wp\/v2\/posts\/11469"}],"collection":[{"href":"https:\/\/www.min-on.org\/fr\/wp-json\/wp\/v2\/posts"}],"about":[{"href":"https:\/\/www.min-on.org\/fr\/wp-json\/wp\/v2\/types\/post"}],"author":[{"embeddable":true,"href":"https:\/\/www.min-on.org\/fr\/wp-json\/wp\/v2\/users\/1"}],"replies":[{"embeddable":true,"href":"https:\/\/www.min-on.org\/fr\/wp-json\/wp\/v2\/comments?post=11469"}],"version-history":[{"count":2,"href":"https:\/\/www.min-on.org\/fr\/wp-json\/wp\/v2\/posts\/11469\/revisions"}],"predecessor-version":[{"id":11501,"href":"https:\/\/www.min-on.org\/fr\/wp-json\/wp\/v2\/posts\/11469\/revisions\/11501"}],"wp:featuredmedia":[{"embeddable":true,"href":"https:\/\/www.min-on.org\/fr\/wp-json\/wp\/v2\/media\/11471"}],"wp:attachment":[{"href":"https:\/\/www.min-on.org\/fr\/wp-json\/wp\/v2\/media?parent=11469"}],"wp:term":[{"taxonomy":"category","embeddable":true,"href":"https:\/\/www.min-on.org\/fr\/wp-json\/wp\/v2\/categories?post=11469"},{"taxonomy":"post_tag","embeddable":true,"href":"https:\/\/www.min-on.org\/fr\/wp-json\/wp\/v2\/tags?post=11469"}],"curies":[{"name":"wp","href":"https:\/\/api.w.org\/{rel}","templated":true}]}}