{"id":15002,"date":"2026-09-01T01:17:30","date_gmt":"2026-09-01T01:17:30","guid":{"rendered":"https:\/\/www.min-on.org\/es\/?p=15002"},"modified":"2026-09-01T01:17:30","modified_gmt":"2026-09-01T01:17:30","slug":"el-embajador-de-polonia-en-japon-visita-el-centro-cultural-min-on","status":"publish","type":"post","link":"https:\/\/www.min-on.org\/es\/15002\/el-embajador-de-polonia-en-japon-visita-el-centro-cultural-min-on\/","title":{"rendered":"El embajador de Polonia en Jap\u00f3n visita el Centro Cultural Min-On"},"content":{"rendered":"<p>El 19 de agosto de 2026, su excelencia el Sr. Pawel Milewski, embajador extraordinario y plenipotenciario de la Rep\u00fablica de Polonia en Jap\u00f3n, visit\u00f3 el Centro Cultural Min-On<!--more--> para despedirse antes de que finalizara su mandato en Jap\u00f3n. Lo recibi\u00f3 el presidente de Min-On, Koji Yamaguchi.<\/p>\n<p><img loading=\"lazy\" decoding=\"async\" class=\"alignnone size-full wp-image-19095\" src=\"https:\/\/www.min-on.org\/wp-content\/uploads\/2026\/08\/1_Poland.jpg\" alt=\"\" width=\"1800\" height=\"1350\" \/><\/p>\n<p>Durante la reuni\u00f3n, el embajador Milewski reflexion\u00f3 sobre sus casi siete a\u00f1os en Jap\u00f3n y expres\u00f3 su agradecimiento por los esfuerzos de Min-On por dar a conocer la m\u00fasica y la cultura polacas al p\u00fablico japon\u00e9s y contribuir al intercambio cultural entre ambos pa\u00edses.<\/p>\n<p>Asimismo, se refiri\u00f3 a la filosof\u00eda fundacional de Min-On, que hace hincapi\u00e9 en que la m\u00fasica conecta a las personas y las une en torno a la belleza, y habl\u00f3 de su renovado aprecio por el poder y la importancia de la m\u00fasica.<\/p>\n<p><img loading=\"lazy\" decoding=\"async\" class=\"alignnone size-full wp-image-19096\" src=\"https:\/\/www.min-on.org\/wp-content\/uploads\/2026\/08\/2_Poland.jpg\" alt=\"\" width=\"1200\" height=\"901\" \/><\/p>\n<p>El embajador Milewski expres\u00f3 adem\u00e1s su deseo de seguir contribuyendo a los intercambios entre Jap\u00f3n y Polonia a trav\u00e9s de la cultura, las artes y la educaci\u00f3n. Asimismo, transmiti\u00f3 su esperanza de que Min-On contin\u00fae promoviendo el intercambio cultural con pa\u00edses de todo el mundo.<\/p>\n","protected":false},"excerpt":{"rendered":"<p>El 19 de agosto de 2026, su excelencia el Sr. Pawel Milewski, embajador extraordinario y plenipotenciario de la Rep\u00fablica de Polonia en Jap\u00f3n, visit\u00f3 el Centro Cultural Min-On<\/p>\n","protected":false},"author":1,"featured_media":15004,"comment_status":"open","ping_status":"open","sticky":false,"template":"","format":"standard","meta":{"_et_pb_use_builder":"","_et_pb_old_content":"","_et_gb_content_width":"","footnotes":""},"categories":[11,410],"tags":[89],"distributor_meta":false,"distributor_terms":false,"distributor_media":false,"distributor_original_site_name":"Spanish - Min-On Website","distributor_original_site_url":"https:\/\/www.min-on.org\/es","_links":{"self":[{"href":"https:\/\/www.min-on.org\/es\/wp-json\/wp\/v2\/posts\/15002"}],"collection":[{"href":"https:\/\/www.min-on.org\/es\/wp-json\/wp\/v2\/posts"}],"about":[{"href":"https:\/\/www.min-on.org\/es\/wp-json\/wp\/v2\/types\/post"}],"author":[{"embeddable":true,"href":"https:\/\/www.min-on.org\/es\/wp-json\/wp\/v2\/users\/1"}],"replies":[{"embeddable":true,"href":"https:\/\/www.min-on.org\/es\/wp-json\/wp\/v2\/comments?post=15002"}],"version-history":[{"count":3,"href":"https:\/\/www.min-on.org\/es\/wp-json\/wp\/v2\/posts\/15002\/revisions"}],"predecessor-version":[{"id":15007,"href":"https:\/\/www.min-on.org\/es\/wp-json\/wp\/v2\/posts\/15002\/revisions\/15007"}],"wp:featuredmedia":[{"embeddable":true,"href":"https:\/\/www.min-on.org\/es\/wp-json\/wp\/v2\/media\/15004"}],"wp:attachment":[{"href":"https:\/\/www.min-on.org\/es\/wp-json\/wp\/v2\/media?parent=15002"}],"wp:term":[{"taxonomy":"category","embeddable":true,"href":"https:\/\/www.min-on.org\/es\/wp-json\/wp\/v2\/categories?post=15002"},{"taxonomy":"post_tag","embeddable":true,"href":"https:\/\/www.min-on.org\/es\/wp-json\/wp\/v2\/tags?post=15002"}],"curies":[{"name":"wp","href":"https:\/\/api.w.org\/{rel}","templated":true}]}}