{"id":14998,"date":"2026-09-01T01:00:51","date_gmt":"2026-09-01T01:00:51","guid":{"rendered":"https:\/\/www.min-on.org\/es\/?p=14998"},"modified":"2026-09-01T01:10:44","modified_gmt":"2026-09-01T01:10:44","slug":"conferencia-cultural-white-hands-chorus-la-musica-que-une-nuestro-futuro-celebrada-en-yame-fukuoka","status":"publish","type":"post","link":"https:\/\/www.min-on.org\/es\/14998\/conferencia-cultural-white-hands-chorus-la-musica-que-une-nuestro-futuro-celebrada-en-yame-fukuoka\/","title":{"rendered":"Conferencia cultural \u00abWhite Hands Chorus: la m\u00fasica que une nuestro futuro\u00bb, celebrada en Yame, Fukuoka"},"content":{"rendered":"<p>El 25 de julio de 2026, unas 750\u00a0personas se reunieron en Orinasu Yame, el Centro C\u00edvico de Yame, en la prefectura de Fukuoka, para asistir a una conferencia cultural titulada \u00abWhite Hands Chorus: la m\u00fasica que une nuestro futuro\u00bb.<!--more--><\/p>\n<p><img loading=\"lazy\" decoding=\"async\" class=\"alignnone size-full wp-image-19084\" src=\"https:\/\/www.min-on.org\/wp-content\/uploads\/2026\/08\/1_\u30db\u30ef\u30a4\u30c8\u30cf\u30f3\u30c8\u3099.jpg\" alt=\"\" width=\"1800\" height=\"1350\" \/><\/p>\n<p>La conferencia cont\u00f3 con la participaci\u00f3n de la soprano Erika Colon, directora representante de El Sistema Connect de Jap\u00f3n y directora art\u00edstica de White Hand Chorus NIPPON, quien comparti\u00f3 la historia y la visi\u00f3n que hay detr\u00e1s del conjunto a trav\u00e9s de videos y fotograf\u00edas.<\/p>\n<p>El teniente de alcalde Ryoichi Hara pronunci\u00f3 unas palabras de apertura en nombre del alcalde Yutaro Minohara, a las que sigui\u00f3 un discurso de su excelencia el Sr.\u00a0Seiko Luis Ishikawa Kobayashi, embajador extraordinario y plenipotenciario de la Rep\u00fablica Bolivariana de Venezuela en Jap\u00f3n, quien expres\u00f3 su agradecimiento por el apoyo de Jap\u00f3n tras el devastador terremoto que asol\u00f3 Venezuela.<\/p>\n<p><img loading=\"lazy\" decoding=\"async\" class=\"alignnone size-full wp-image-19085\" src=\"https:\/\/www.min-on.org\/wp-content\/uploads\/2026\/08\/2_\u30db\u30ef\u30a4\u30c8\u30cf\u30f3\u30c8\u3099.jpg\" alt=\"\" width=\"1800\" height=\"1350\" \/><\/p>\n<p>White Hand Chorus NIPPON es un coro inclusivo en el que ni\u00f1os con y sin discapacidad crean m\u00fasica juntos. El conjunto est\u00e1 compuesto por un equipo de lenguaje de signos, que interpreta las canciones mediante signos con las manos, y un equipo vocal, y funciona bajo la filosof\u00eda de \u00abEl Sistema\u00bb, el movimiento musical social venezolano reconocido en todo el mundo.<\/p>\n<p><img loading=\"lazy\" decoding=\"async\" class=\"alignnone size-full wp-image-19086\" src=\"https:\/\/www.min-on.org\/wp-content\/uploads\/2026\/08\/3_\u30db\u30ef\u30a4\u30c8\u30cf\u30f3\u30c8\u3099.jpg\" alt=\"\" width=\"1800\" height=\"1350\" \/><\/p>\n<p>En su conferencia, la Sra.\u00a0Colon present\u00f3 las actividades del coro, desde actuaciones en el Ayuntamiento de Kioto hasta la participaci\u00f3n en el Beethovenfest de Bonn (Alemania) y una interpretaci\u00f3n de la <em>Oda a la Alegr\u00eda<\/em>, la Sinfon\u00eda n.<sup>o<\/sup>\u00a09 de Beethoven, en la Oficina de las Naciones Unidas en Viena. Identific\u00f3 tres fuerzas fundamentales en el n\u00facleo de su labor: la imaginaci\u00f3n (la capacidad de imaginar el dolor ajeno), la creaci\u00f3n (el poder de superar barreras a trav\u00e9s de la creatividad) y la innovaci\u00f3n (la aptitud para inspirar y conmover a las personas). A lo largo de su intervenci\u00f3n, hizo hincapi\u00e9 en la importancia de construir una sociedad en la que se acepten las diferencias y cada persona pueda sentirse valorada tal y como es.<\/p>\n<p><img loading=\"lazy\" decoding=\"async\" class=\"alignnone size-full wp-image-19087\" src=\"https:\/\/www.min-on.org\/wp-content\/uploads\/2026\/08\/4_\u30db\u30ef\u30a4\u30c8\u30cf\u30f3\u30c8\u3099.jpg\" alt=\"\" width=\"1800\" height=\"1350\" \/><\/p>\n<p>Describi\u00f3 los guantes blancos que llevaba el equipo de lenguaje de signos como \u00abun nuevo instrumento musical y un s\u00edmbolo de alegr\u00eda e inclusi\u00f3n\u00bb. Explic\u00f3 que representan el acto de compartir la felicidad de los dem\u00e1s y nos recuerdan que los ni\u00f1os de hoy son quienes dar\u00e1n forma a la sociedad del ma\u00f1ana. A\u00f1adi\u00f3 que la m\u00fasica tiene el poder de trascender las barreras invisibles que separan a las personas y de ayudar a crear una sociedad en la que todos puedan expresarse libremente.<\/p>\n<p>La conferencia concluy\u00f3 con todo el p\u00fablico interpretando <em>Hana wa Saku<\/em> (Las flores florecer\u00e1n) utilizando juntos los signos con las manos. La canci\u00f3n se adapt\u00f3 como un mensaje de \u00e1nimo desde Venezuela \u2014cuna de El Sistema\u2014 para el pueblo japon\u00e9s que a\u00fan sigue recuper\u00e1ndose del Gran Terremoto del Este de Jap\u00f3n. Mientras el p\u00fablico segu\u00eda al un\u00edsono los gestos de la Sra. Colon, la sala se llen\u00f3 de sonrisas.<\/p>\n<p><img loading=\"lazy\" decoding=\"async\" class=\"alignnone size-full wp-image-19088\" src=\"https:\/\/www.min-on.org\/wp-content\/uploads\/2026\/08\/5_\u30db\u30ef\u30a4\u30c8\u30cf\u30f3\u30c8\u3099.jpg\" alt=\"\" width=\"1800\" height=\"1284\" \/><\/p>\n<p>Testimonios de los participantes:<\/p>\n<p>\u00abTengo dificultades auditivas y esta experiencia me ha hecho querer cantar con lenguaje de signos y sentir la m\u00fasica para unir a las personas y derribar barreras. Espero que podamos construir una sociedad en la que pensemos juntos en el futuro de los ni\u00f1os, en lugar de tener prejuicios unos sobre otros\u00bb.<\/p>\n<p>\u00abVer a los ni\u00f1os de los videos sonre\u00edr y respetar la individualidad de los dem\u00e1s mientras creaban armon\u00eda juntos me conmovi\u00f3 profundamente. Me record\u00f3 lo importante que es aceptar nuestras diferencias y espero que esta labor siga creciendo\u00bb.<\/p>\n<p>\u00abEra la primera vez que o\u00eda hablar de White Hands Chorus y me hizo sentir, de forma concreta, c\u00f3mo la m\u00fasica y la conexi\u00f3n humana tienen el poder de cambiar la sociedad. Algo dentro de m\u00ed se abri\u00f3 y unirme a todo el mundo en la sala para cantar <em>Hana wa Saku <\/em>con lenguaje de signos al final es algo que llevar\u00e9 siempre conmigo\u00bb.<\/p>\n<p>Este programa ha sido posible gracias al generoso apoyo de los socios de Min-On, a quienes expresamos nuestro m\u00e1s sincero agradecimiento.<\/p>\n","protected":false},"excerpt":{"rendered":"<p>El 25 de julio de 2026, unas 750\u00a0personas se reunieron en Orinasu Yame, el Centro C\u00edvico de Yame, en la prefectura de Fukuoka, para asistir a una conferencia cultural titulada \u00abWhite Hands Chorus: la m\u00fasica que une nuestro futuro\u00bb.<\/p>\n","protected":false},"author":1,"featured_media":15001,"comment_status":"open","ping_status":"open","sticky":false,"template":"","format":"standard","meta":{"_et_pb_use_builder":"","_et_pb_old_content":"","_et_gb_content_width":"","footnotes":""},"categories":[463,11],"tags":[153,60],"distributor_meta":false,"distributor_terms":false,"distributor_media":false,"distributor_original_site_name":"Spanish - Min-On Website","distributor_original_site_url":"https:\/\/www.min-on.org\/es","_links":{"self":[{"href":"https:\/\/www.min-on.org\/es\/wp-json\/wp\/v2\/posts\/14998"}],"collection":[{"href":"https:\/\/www.min-on.org\/es\/wp-json\/wp\/v2\/posts"}],"about":[{"href":"https:\/\/www.min-on.org\/es\/wp-json\/wp\/v2\/types\/post"}],"author":[{"embeddable":true,"href":"https:\/\/www.min-on.org\/es\/wp-json\/wp\/v2\/users\/1"}],"replies":[{"embeddable":true,"href":"https:\/\/www.min-on.org\/es\/wp-json\/wp\/v2\/comments?post=14998"}],"version-history":[{"count":2,"href":"https:\/\/www.min-on.org\/es\/wp-json\/wp\/v2\/posts\/14998\/revisions"}],"predecessor-version":[{"id":15003,"href":"https:\/\/www.min-on.org\/es\/wp-json\/wp\/v2\/posts\/14998\/revisions\/15003"}],"wp:featuredmedia":[{"embeddable":true,"href":"https:\/\/www.min-on.org\/es\/wp-json\/wp\/v2\/media\/15001"}],"wp:attachment":[{"href":"https:\/\/www.min-on.org\/es\/wp-json\/wp\/v2\/media?parent=14998"}],"wp:term":[{"taxonomy":"category","embeddable":true,"href":"https:\/\/www.min-on.org\/es\/wp-json\/wp\/v2\/categories?post=14998"},{"taxonomy":"post_tag","embeddable":true,"href":"https:\/\/www.min-on.org\/es\/wp-json\/wp\/v2\/tags?post=14998"}],"curies":[{"name":"wp","href":"https:\/\/api.w.org\/{rel}","templated":true}]}}