{"id":14822,"date":"2026-04-30T07:34:12","date_gmt":"2026-04-30T07:34:12","guid":{"rendered":"https:\/\/www.min-on.org\/es\/?p=14822"},"modified":"2026-04-30T07:34:12","modified_gmt":"2026-04-30T07:34:12","slug":"el-embajador-de-la-republica-kirguisa-en-japon-visita-el-centro-cultural-min-on","status":"publish","type":"post","link":"https:\/\/www.min-on.org\/es\/14822\/el-embajador-de-la-republica-kirguisa-en-japon-visita-el-centro-cultural-min-on\/","title":{"rendered":"El embajador de la Rep\u00fablica Kirguisa en Jap\u00f3n visita el Centro Cultural Min-On"},"content":{"rendered":"<p>El 15 de abril de 2026, el Excmo. Sr. Erkinbek Osoev, embajador extraordinario y plenipotenciario de la Rep\u00fablica Kirguisa en Jap\u00f3n, visit\u00f3<!--more--> el Centro Cultural Min-On acompa\u00f1ado por su esposa, la Sra. Dzhamilia Soltobaeva, y la Sra. Altynai Alagusheva, tercera secretaria de la Embajada de la Rep\u00fablica Kirguisa en Jap\u00f3n. El embajador Osoev y su comitiva fueron recibidos por el presidente de Min-On, el Sr. Yamaguchi, y otros representantes.<\/p>\n<p><img loading=\"lazy\" decoding=\"async\" class=\"alignnone size-full wp-image-14819\" src=\"https:\/\/www.min-on.org\/es\/wp-content\/uploads\/sites\/4\/2026\/04\/\u2460_Kyrgyz.jpg\" alt=\"\" width=\"1800\" height=\"1200\" srcset=\"https:\/\/www.min-on.org\/es\/wp-content\/uploads\/sites\/4\/2026\/04\/\u2460_Kyrgyz.jpg 1800w, https:\/\/www.min-on.org\/es\/wp-content\/uploads\/sites\/4\/2026\/04\/\u2460_Kyrgyz-300x200.jpg 300w, https:\/\/www.min-on.org\/es\/wp-content\/uploads\/sites\/4\/2026\/04\/\u2460_Kyrgyz-1024x683.jpg 1024w, https:\/\/www.min-on.org\/es\/wp-content\/uploads\/sites\/4\/2026\/04\/\u2460_Kyrgyz-768x512.jpg 768w, https:\/\/www.min-on.org\/es\/wp-content\/uploads\/sites\/4\/2026\/04\/\u2460_Kyrgyz-1536x1024.jpg 1536w, https:\/\/www.min-on.org\/es\/wp-content\/uploads\/sites\/4\/2026\/04\/\u2460_Kyrgyz-1080x720.jpg 1080w, https:\/\/www.min-on.org\/es\/wp-content\/uploads\/sites\/4\/2026\/04\/\u2460_Kyrgyz-1280x853.jpg 1280w, https:\/\/www.min-on.org\/es\/wp-content\/uploads\/sites\/4\/2026\/04\/\u2460_Kyrgyz-980x653.jpg 980w, https:\/\/www.min-on.org\/es\/wp-content\/uploads\/sites\/4\/2026\/04\/\u2460_Kyrgyz-480x320.jpg 480w\" sizes=\"(max-width: 1800px) 100vw, 1800px\" \/><\/p>\n<p>Durante la reuni\u00f3n, el embajador Osoev destac\u00f3 el poder de la m\u00fasica para unir a las personas y fomentar el entendimiento mutuo. El embajador tambi\u00e9n se\u00f1al\u00f3 que el canto y la m\u00fasica est\u00e1n profundamente arraigados en la vida cotidiana de la Rep\u00fablica Kirguisa, resaltando su importancia cultural.<\/p>\n<p><img loading=\"lazy\" decoding=\"async\" class=\"alignnone size-full wp-image-14820\" src=\"https:\/\/www.min-on.org\/es\/wp-content\/uploads\/sites\/4\/2026\/04\/\u2461_Kyrgyz.jpg\" alt=\"\" width=\"1800\" height=\"1200\" srcset=\"https:\/\/www.min-on.org\/es\/wp-content\/uploads\/sites\/4\/2026\/04\/\u2461_Kyrgyz.jpg 1800w, https:\/\/www.min-on.org\/es\/wp-content\/uploads\/sites\/4\/2026\/04\/\u2461_Kyrgyz-300x200.jpg 300w, https:\/\/www.min-on.org\/es\/wp-content\/uploads\/sites\/4\/2026\/04\/\u2461_Kyrgyz-1024x683.jpg 1024w, https:\/\/www.min-on.org\/es\/wp-content\/uploads\/sites\/4\/2026\/04\/\u2461_Kyrgyz-768x512.jpg 768w, https:\/\/www.min-on.org\/es\/wp-content\/uploads\/sites\/4\/2026\/04\/\u2461_Kyrgyz-1536x1024.jpg 1536w, https:\/\/www.min-on.org\/es\/wp-content\/uploads\/sites\/4\/2026\/04\/\u2461_Kyrgyz-1080x720.jpg 1080w, https:\/\/www.min-on.org\/es\/wp-content\/uploads\/sites\/4\/2026\/04\/\u2461_Kyrgyz-1280x853.jpg 1280w, https:\/\/www.min-on.org\/es\/wp-content\/uploads\/sites\/4\/2026\/04\/\u2461_Kyrgyz-980x653.jpg 980w, https:\/\/www.min-on.org\/es\/wp-content\/uploads\/sites\/4\/2026\/04\/\u2461_Kyrgyz-480x320.jpg 480w\" sizes=\"(max-width: 1800px) 100vw, 1800px\" \/><\/p>\n<p>Al expresar sus expectativas para el futuro, el embajador transmiti\u00f3 su deseo de seguir fortaleciendo los intercambios entre ambos pa\u00edses mediante la cooperaci\u00f3n continua con Min-On.<\/p>\n<p><img loading=\"lazy\" decoding=\"async\" class=\"alignnone size-full wp-image-14821\" src=\"https:\/\/www.min-on.org\/es\/wp-content\/uploads\/sites\/4\/2026\/04\/\u2462_Kyrgyz.jpg\" alt=\"\" width=\"1800\" height=\"1200\" srcset=\"https:\/\/www.min-on.org\/es\/wp-content\/uploads\/sites\/4\/2026\/04\/\u2462_Kyrgyz.jpg 1800w, https:\/\/www.min-on.org\/es\/wp-content\/uploads\/sites\/4\/2026\/04\/\u2462_Kyrgyz-300x200.jpg 300w, https:\/\/www.min-on.org\/es\/wp-content\/uploads\/sites\/4\/2026\/04\/\u2462_Kyrgyz-1024x683.jpg 1024w, https:\/\/www.min-on.org\/es\/wp-content\/uploads\/sites\/4\/2026\/04\/\u2462_Kyrgyz-768x512.jpg 768w, https:\/\/www.min-on.org\/es\/wp-content\/uploads\/sites\/4\/2026\/04\/\u2462_Kyrgyz-1536x1024.jpg 1536w, https:\/\/www.min-on.org\/es\/wp-content\/uploads\/sites\/4\/2026\/04\/\u2462_Kyrgyz-1080x720.jpg 1080w, https:\/\/www.min-on.org\/es\/wp-content\/uploads\/sites\/4\/2026\/04\/\u2462_Kyrgyz-1280x853.jpg 1280w, https:\/\/www.min-on.org\/es\/wp-content\/uploads\/sites\/4\/2026\/04\/\u2462_Kyrgyz-980x653.jpg 980w, https:\/\/www.min-on.org\/es\/wp-content\/uploads\/sites\/4\/2026\/04\/\u2462_Kyrgyz-480x320.jpg 480w\" sizes=\"(max-width: 1800px) 100vw, 1800px\" \/><\/p>\n<p>Tras la reuni\u00f3n, los invitados visitaron la sala de pianos cl\u00e1sicos del Museo de la M\u00fasica de Min-On.<\/p>\n","protected":false},"excerpt":{"rendered":"<p>El 15 de abril de 2026, el Excmo. Sr. Erkinbek Osoev, embajador extraordinario y plenipotenciario de la Rep\u00fablica Kirguisa en Jap\u00f3n, visit\u00f3<\/p>\n","protected":false},"author":1,"featured_media":14819,"comment_status":"open","ping_status":"open","sticky":false,"template":"","format":"standard","meta":{"_et_pb_use_builder":"","_et_pb_old_content":"","_et_gb_content_width":"","footnotes":""},"categories":[410],"tags":[129],"distributor_meta":false,"distributor_terms":false,"distributor_media":false,"distributor_original_site_name":"Spanish - Min-On Website","distributor_original_site_url":"https:\/\/www.min-on.org\/es","_links":{"self":[{"href":"https:\/\/www.min-on.org\/es\/wp-json\/wp\/v2\/posts\/14822"}],"collection":[{"href":"https:\/\/www.min-on.org\/es\/wp-json\/wp\/v2\/posts"}],"about":[{"href":"https:\/\/www.min-on.org\/es\/wp-json\/wp\/v2\/types\/post"}],"author":[{"embeddable":true,"href":"https:\/\/www.min-on.org\/es\/wp-json\/wp\/v2\/users\/1"}],"replies":[{"embeddable":true,"href":"https:\/\/www.min-on.org\/es\/wp-json\/wp\/v2\/comments?post=14822"}],"version-history":[{"count":1,"href":"https:\/\/www.min-on.org\/es\/wp-json\/wp\/v2\/posts\/14822\/revisions"}],"predecessor-version":[{"id":14823,"href":"https:\/\/www.min-on.org\/es\/wp-json\/wp\/v2\/posts\/14822\/revisions\/14823"}],"wp:featuredmedia":[{"embeddable":true,"href":"https:\/\/www.min-on.org\/es\/wp-json\/wp\/v2\/media\/14819"}],"wp:attachment":[{"href":"https:\/\/www.min-on.org\/es\/wp-json\/wp\/v2\/media?parent=14822"}],"wp:term":[{"taxonomy":"category","embeddable":true,"href":"https:\/\/www.min-on.org\/es\/wp-json\/wp\/v2\/categories?post=14822"},{"taxonomy":"post_tag","embeddable":true,"href":"https:\/\/www.min-on.org\/es\/wp-json\/wp\/v2\/tags?post=14822"}],"curies":[{"name":"wp","href":"https:\/\/api.w.org\/{rel}","templated":true}]}}