{"id":13622,"date":"2023-02-07T07:56:29","date_gmt":"2023-02-07T07:56:29","guid":{"rendered":"https:\/\/www.min-on.org\/es\/?p=13622"},"modified":"2023-02-09T06:30:34","modified_gmt":"2023-02-09T06:30:34","slug":"concierto-especial-de-min-on-alusivo-a-los-50-anos-de-relaciones-diplomaticas-entre-el-japon-y-bahrein","status":"publish","type":"post","link":"https:\/\/www.min-on.org\/es\/13622\/concierto-especial-de-min-on-alusivo-a-los-50-anos-de-relaciones-diplomaticas-entre-el-japon-y-bahrein\/","title":{"rendered":"Concierto especial de Min-On alusivo a los 50 a\u00f1os de relaciones diplom\u00e1ticas entre el Jap\u00f3n y Bahr\u00e9in"},"content":{"rendered":"<p><img loading=\"lazy\" decoding=\"async\" class=\"alignnone size-large wp-image-13623\" src=\"https:\/\/www.min-on.org\/es\/wp-content\/uploads\/sites\/4\/2023\/02\/DSC_0372-1024x683.jpg\" alt=\"\" width=\"1024\" height=\"683\" srcset=\"https:\/\/www.min-on.org\/es\/wp-content\/uploads\/sites\/4\/2023\/02\/DSC_0372-1024x683.jpg 1024w, https:\/\/www.min-on.org\/es\/wp-content\/uploads\/sites\/4\/2023\/02\/DSC_0372-300x200.jpg 300w, https:\/\/www.min-on.org\/es\/wp-content\/uploads\/sites\/4\/2023\/02\/DSC_0372-768x512.jpg 768w, https:\/\/www.min-on.org\/es\/wp-content\/uploads\/sites\/4\/2023\/02\/DSC_0372-1080x720.jpg 1080w, https:\/\/www.min-on.org\/es\/wp-content\/uploads\/sites\/4\/2023\/02\/DSC_0372.jpg 1800w\" sizes=\"(max-width: 1024px) 100vw, 1024px\" \/><\/p>\n<p>El 2 de diciembre de 2022, la Asociaci\u00f3n de Conciertos Min-On y la embajada del Reino de Bahr\u00e9in en el Jap\u00f3n coorganizaron una conferencia<!--more--> musical especial en homenaje al quincuag\u00e9simo aniversario del inicio de relaciones diplom\u00e1ticas formales entre ambos pa\u00edses. El evento se enmarca en los ciclos que patrocina Min-On con diversas embajadas para dar a conocer al p\u00fablico japon\u00e9s la cultura musical de cada una de las naciones representadas.<\/p>\n<p>El espect\u00e1culo se ofreci\u00f3 en dos funciones, matin\u00e9 y vespertina; el concierto diurno comenz\u00f3 con los saludos de la se\u00f1ora Nawal Aljassim, segunda secretaria de la embajada de Bahr\u00e9in, quien ofreci\u00f3 una breve introducci\u00f3n a la historia y la cultura de su pa\u00eds.<\/p>\n<p><img loading=\"lazy\" decoding=\"async\" class=\"alignnone size-large wp-image-13624\" src=\"https:\/\/www.min-on.org\/es\/wp-content\/uploads\/sites\/4\/2023\/02\/DSC_0596-1024x683.jpg\" alt=\"\" width=\"1024\" height=\"683\" srcset=\"https:\/\/www.min-on.org\/es\/wp-content\/uploads\/sites\/4\/2023\/02\/DSC_0596-1024x683.jpg 1024w, https:\/\/www.min-on.org\/es\/wp-content\/uploads\/sites\/4\/2023\/02\/DSC_0596-300x200.jpg 300w, https:\/\/www.min-on.org\/es\/wp-content\/uploads\/sites\/4\/2023\/02\/DSC_0596-768x512.jpg 768w, https:\/\/www.min-on.org\/es\/wp-content\/uploads\/sites\/4\/2023\/02\/DSC_0596-1080x720.jpg 1080w, https:\/\/www.min-on.org\/es\/wp-content\/uploads\/sites\/4\/2023\/02\/DSC_0596.jpg 1800w\" sizes=\"(max-width: 1024px) 100vw, 1024px\" \/><\/p>\n<p>Tras sus palabras, sigu\u00ed\u00f3 un concierto de Missa Johnouchi, Artista por la Paz de la UNESCO que tambi\u00e9n ha dirigido un ciclo de conciertos globales de la orquesta Antorcha Itinerante del Patrimonio Mundial. La artista fue acompa\u00f1ada por varios m\u00fasicos de dicha agrupaci\u00f3n: Hideyo Takakuwa en flauta, flauta <em>shinobue<\/em> y flauta irlandesa; Nagisa Kiriyama como concertino, Kioko Miki en viol\u00edn, Kaoru Kuroki en viola, Masashi Abe en violonchelo y Hideo Funamoto en percusi\u00f3n. El programa incluy\u00f3 composiciones como \u00abEl camino al oasis\u00bb y \u00abLuna del desierto\u00bb, ambos inspirados en Bahr\u00e9in. A continuaci\u00f3n, se sum\u00f3 el Coro Vocacional de Ense\u00f1anza Media B\u00e1sica y Superior del Conservatorio Toho de M\u00fasica, en una conmovedora interpretaci\u00f3n de \u00abPaz espiritual\u00bb, canci\u00f3n oficial de la UNESCO.<\/p>\n<p><img loading=\"lazy\" decoding=\"async\" class=\"alignnone size-large wp-image-13625\" src=\"https:\/\/www.min-on.org\/es\/wp-content\/uploads\/sites\/4\/2023\/02\/DSC_0621-1024x683.jpg\" alt=\"\" width=\"1024\" height=\"683\" srcset=\"https:\/\/www.min-on.org\/es\/wp-content\/uploads\/sites\/4\/2023\/02\/DSC_0621-1024x683.jpg 1024w, https:\/\/www.min-on.org\/es\/wp-content\/uploads\/sites\/4\/2023\/02\/DSC_0621-300x200.jpg 300w, https:\/\/www.min-on.org\/es\/wp-content\/uploads\/sites\/4\/2023\/02\/DSC_0621-768x512.jpg 768w, https:\/\/www.min-on.org\/es\/wp-content\/uploads\/sites\/4\/2023\/02\/DSC_0621-1080x720.jpg 1080w, https:\/\/www.min-on.org\/es\/wp-content\/uploads\/sites\/4\/2023\/02\/DSC_0621.jpg 1800w\" sizes=\"(max-width: 1024px) 100vw, 1024px\" \/><\/p>\n<p>En la funci\u00f3n vespertina participaron altos emisarios y diplom\u00e1ticos de diecisiete pa\u00edses, junto con representantes de empresas y organismos. Las palabras de apertura estuvieron a cargo de Su Excelencia Ahmed Mohamed Yusuf Aldoseri, embajador extraordinario y plenipotenciario del Reino de Bahr\u00e9in en el Jap\u00f3n, y fueron seguidas de una selecci\u00f3n de partituras musicales orientadas a estrechar los lazos bilaterales.<\/p>\n<p><img loading=\"lazy\" decoding=\"async\" class=\"alignnone size-large wp-image-13626\" src=\"https:\/\/www.min-on.org\/es\/wp-content\/uploads\/sites\/4\/2023\/02\/DSC_0689-1024x683.jpg\" alt=\"\" width=\"1024\" height=\"683\" srcset=\"https:\/\/www.min-on.org\/es\/wp-content\/uploads\/sites\/4\/2023\/02\/DSC_0689-1024x683.jpg 1024w, https:\/\/www.min-on.org\/es\/wp-content\/uploads\/sites\/4\/2023\/02\/DSC_0689-300x200.jpg 300w, https:\/\/www.min-on.org\/es\/wp-content\/uploads\/sites\/4\/2023\/02\/DSC_0689-768x512.jpg 768w, https:\/\/www.min-on.org\/es\/wp-content\/uploads\/sites\/4\/2023\/02\/DSC_0689-1080x720.jpg 1080w, https:\/\/www.min-on.org\/es\/wp-content\/uploads\/sites\/4\/2023\/02\/DSC_0689.jpg 1800w\" sizes=\"(max-width: 1024px) 100vw, 1024px\" \/><\/p>\n<p>Este y otros espect\u00e1culos son posibles gracias al programa de suscripciones y abonos permanentes de la membres\u00eda de Min-On.<\/p>\n","protected":false},"excerpt":{"rendered":"<p>El 2 de diciembre de 2022, la Asociaci\u00f3n de Conciertos Min-On y la embajada del Reino de Bahr\u00e9in en el Jap\u00f3n coorganizaron una conferencia<\/p>\n","protected":false},"author":1,"featured_media":13623,"comment_status":"open","ping_status":"open","sticky":false,"template":"","format":"standard","meta":{"_et_pb_use_builder":"","_et_pb_old_content":"","_et_gb_content_width":"","footnotes":""},"categories":[11],"tags":[158],"distributor_meta":false,"distributor_terms":false,"distributor_media":false,"distributor_original_site_name":"Spanish - Min-On Website","distributor_original_site_url":"https:\/\/www.min-on.org\/es","_links":{"self":[{"href":"https:\/\/www.min-on.org\/es\/wp-json\/wp\/v2\/posts\/13622"}],"collection":[{"href":"https:\/\/www.min-on.org\/es\/wp-json\/wp\/v2\/posts"}],"about":[{"href":"https:\/\/www.min-on.org\/es\/wp-json\/wp\/v2\/types\/post"}],"author":[{"embeddable":true,"href":"https:\/\/www.min-on.org\/es\/wp-json\/wp\/v2\/users\/1"}],"replies":[{"embeddable":true,"href":"https:\/\/www.min-on.org\/es\/wp-json\/wp\/v2\/comments?post=13622"}],"version-history":[{"count":4,"href":"https:\/\/www.min-on.org\/es\/wp-json\/wp\/v2\/posts\/13622\/revisions"}],"predecessor-version":[{"id":13634,"href":"https:\/\/www.min-on.org\/es\/wp-json\/wp\/v2\/posts\/13622\/revisions\/13634"}],"wp:featuredmedia":[{"embeddable":true,"href":"https:\/\/www.min-on.org\/es\/wp-json\/wp\/v2\/media\/13623"}],"wp:attachment":[{"href":"https:\/\/www.min-on.org\/es\/wp-json\/wp\/v2\/media?parent=13622"}],"wp:term":[{"taxonomy":"category","embeddable":true,"href":"https:\/\/www.min-on.org\/es\/wp-json\/wp\/v2\/categories?post=13622"},{"taxonomy":"post_tag","embeddable":true,"href":"https:\/\/www.min-on.org\/es\/wp-json\/wp\/v2\/tags?post=13622"}],"curies":[{"name":"wp","href":"https:\/\/api.w.org\/{rel}","templated":true}]}}